{"id":3051,"date":"2025-08-07T11:44:31","date_gmt":"2025-08-07T11:44:31","guid":{"rendered":"https:\/\/www.uicbasilicata.it\/?p=3051"},"modified":"2025-08-07T12:30:25","modified_gmt":"2025-08-07T12:30:25","slug":"la-prevenzione-non-va-in-vacanza-3","status":"publish","type":"post","link":"https:\/\/www.uicbasilicata.it\/?p=3051","title":{"rendered":"La Prevenzione non va in vacanza"},"content":{"rendered":"\n<p class=\"wp-block-paragraph\">Va in scena al Lucania Film Festival di Pisticci.<br>La IAPB ITALIA ETS in collaborazione con il Consiglio Regionale UICI di Basilicata, ha portato l&#8217;unit\u00e0 Mobile oftalmica della Regione Basilicata nel centro storico di Pisticci in provincia di Matera durante la serata inaugurale del Lucania Film Festival. Il dott. Michele Veglia e la dr.ssa in ortottica Anna Lucia Lauria hanno eseguito dalle 15,00 alle 22,00 ben 42 screening oculistici: complessivamente una qualche forma di alterazione visiva \u00e8 stata riscontrata sul 57,15% dei cittadini pisticcesi, di questi ben il 16,67% gli \u00e8 stato vivamente consigliato di rivolgersi ad approfondimenti strumentali e specialistici\u2026 Anche in questa occasione si \u00e8 dimostrata l&#8217;utilit\u00e0 degli screening preventivi. Durante la serata \u00e8 stato approntato un punto informativo dove \u00e8 stato distribuito materiale informativo e gadget della manifestazione della IAPB Italia ETS. Il Presidente Regionale UICI Basilicata e la Referente Regionale IAPB ITALIA ETS dr. ssa Giovanna Ruggieri ringraziano pubblicamente i professionisti che hanno dato esecuzione agli screening, ai volontari Marianna, Ester, Maria Grazia e Lello per la logistica e la distribuzione del materiale informativo.<\/p>\n\n\n\n<figure class=\"wp-block-gallery has-nested-images columns-default is-cropped wp-block-gallery-1 is-layout-flex wp-block-gallery-is-layout-flex\">\n<figure class=\"wp-block-image size-large\"><img fetchpriority=\"high\" decoding=\"async\" width=\"1024\" height=\"768\" data-id=\"3055\" src=\"https:\/\/www.uicbasilicata.it\/wp-content\/uploads\/2025\/08\/WhatsApp-Image-2025-08-07-at-08.49.07-1-1024x768.jpeg\" alt=\"\" class=\"wp-image-3055\" srcset=\"https:\/\/www.uicbasilicata.it\/wp-content\/uploads\/2025\/08\/WhatsApp-Image-2025-08-07-at-08.49.07-1-1024x768.jpeg 1024w, https:\/\/www.uicbasilicata.it\/wp-content\/uploads\/2025\/08\/WhatsApp-Image-2025-08-07-at-08.49.07-1-300x225.jpeg 300w, https:\/\/www.uicbasilicata.it\/wp-content\/uploads\/2025\/08\/WhatsApp-Image-2025-08-07-at-08.49.07-1-768x576.jpeg 768w, https:\/\/www.uicbasilicata.it\/wp-content\/uploads\/2025\/08\/WhatsApp-Image-2025-08-07-at-08.49.07-1-1536x1152.jpeg 1536w, https:\/\/www.uicbasilicata.it\/wp-content\/uploads\/2025\/08\/WhatsApp-Image-2025-08-07-at-08.49.07-1.jpeg 2048w\" sizes=\"(max-width: 1024px) 100vw, 1024px\" \/><\/figure>\n\n\n\n<figure class=\"wp-block-image size-large\"><img decoding=\"async\" width=\"1024\" height=\"682\" data-id=\"3052\" src=\"https:\/\/www.uicbasilicata.it\/wp-content\/uploads\/2025\/08\/WhatsApp-Image-2025-08-07-at-08.49.07-1024x682.jpeg\" alt=\"\" class=\"wp-image-3052\" srcset=\"https:\/\/www.uicbasilicata.it\/wp-content\/uploads\/2025\/08\/WhatsApp-Image-2025-08-07-at-08.49.07-1024x682.jpeg 1024w, https:\/\/www.uicbasilicata.it\/wp-content\/uploads\/2025\/08\/WhatsApp-Image-2025-08-07-at-08.49.07-300x200.jpeg 300w, https:\/\/www.uicbasilicata.it\/wp-content\/uploads\/2025\/08\/WhatsApp-Image-2025-08-07-at-08.49.07-768x512.jpeg 768w, https:\/\/www.uicbasilicata.it\/wp-content\/uploads\/2025\/08\/WhatsApp-Image-2025-08-07-at-08.49.07.jpeg 1280w\" sizes=\"(max-width: 1024px) 100vw, 1024px\" \/><\/figure>\n\n\n\n<figure class=\"wp-block-image size-large\"><img decoding=\"async\" width=\"1024\" height=\"768\" data-id=\"3056\" src=\"https:\/\/www.uicbasilicata.it\/wp-content\/uploads\/2025\/08\/WhatsApp-Image-2025-08-07-at-08.49.06-2-1024x768.jpeg\" alt=\"\" class=\"wp-image-3056\" srcset=\"https:\/\/www.uicbasilicata.it\/wp-content\/uploads\/2025\/08\/WhatsApp-Image-2025-08-07-at-08.49.06-2-1024x768.jpeg 1024w, https:\/\/www.uicbasilicata.it\/wp-content\/uploads\/2025\/08\/WhatsApp-Image-2025-08-07-at-08.49.06-2-300x225.jpeg 300w, https:\/\/www.uicbasilicata.it\/wp-content\/uploads\/2025\/08\/WhatsApp-Image-2025-08-07-at-08.49.06-2-768x576.jpeg 768w, https:\/\/www.uicbasilicata.it\/wp-content\/uploads\/2025\/08\/WhatsApp-Image-2025-08-07-at-08.49.06-2-1536x1152.jpeg 1536w, https:\/\/www.uicbasilicata.it\/wp-content\/uploads\/2025\/08\/WhatsApp-Image-2025-08-07-at-08.49.06-2.jpeg 2048w\" sizes=\"(max-width: 1024px) 100vw, 1024px\" \/><\/figure>\n\n\n\n<figure class=\"wp-block-image size-large\"><img loading=\"lazy\" decoding=\"async\" width=\"1024\" height=\"780\" data-id=\"3054\" src=\"https:\/\/www.uicbasilicata.it\/wp-content\/uploads\/2025\/08\/WhatsApp-Image-2025-08-07-at-08.49.06-1-1024x780.jpeg\" alt=\"\" class=\"wp-image-3054\" srcset=\"https:\/\/www.uicbasilicata.it\/wp-content\/uploads\/2025\/08\/WhatsApp-Image-2025-08-07-at-08.49.06-1-1024x780.jpeg 1024w, https:\/\/www.uicbasilicata.it\/wp-content\/uploads\/2025\/08\/WhatsApp-Image-2025-08-07-at-08.49.06-1-300x229.jpeg 300w, https:\/\/www.uicbasilicata.it\/wp-content\/uploads\/2025\/08\/WhatsApp-Image-2025-08-07-at-08.49.06-1-768x585.jpeg 768w, https:\/\/www.uicbasilicata.it\/wp-content\/uploads\/2025\/08\/WhatsApp-Image-2025-08-07-at-08.49.06-1-1536x1170.jpeg 1536w, https:\/\/www.uicbasilicata.it\/wp-content\/uploads\/2025\/08\/WhatsApp-Image-2025-08-07-at-08.49.06-1.jpeg 2048w\" sizes=\"(max-width: 1024px) 100vw, 1024px\" \/><\/figure>\n\n\n\n<figure class=\"wp-block-image size-large\"><img loading=\"lazy\" decoding=\"async\" width=\"1024\" height=\"928\" data-id=\"3057\" src=\"https:\/\/www.uicbasilicata.it\/wp-content\/uploads\/2025\/08\/WhatsApp-Image-2025-08-07-at-08.49.06-1024x928.jpeg\" alt=\"\" class=\"wp-image-3057\" srcset=\"https:\/\/www.uicbasilicata.it\/wp-content\/uploads\/2025\/08\/WhatsApp-Image-2025-08-07-at-08.49.06-1024x928.jpeg 1024w, https:\/\/www.uicbasilicata.it\/wp-content\/uploads\/2025\/08\/WhatsApp-Image-2025-08-07-at-08.49.06-300x272.jpeg 300w, https:\/\/www.uicbasilicata.it\/wp-content\/uploads\/2025\/08\/WhatsApp-Image-2025-08-07-at-08.49.06-768x696.jpeg 768w, https:\/\/www.uicbasilicata.it\/wp-content\/uploads\/2025\/08\/WhatsApp-Image-2025-08-07-at-08.49.06-1536x1392.jpeg 1536w, https:\/\/www.uicbasilicata.it\/wp-content\/uploads\/2025\/08\/WhatsApp-Image-2025-08-07-at-08.49.06.jpeg 2048w\" sizes=\"(max-width: 1024px) 100vw, 1024px\" \/><\/figure>\n\n\n\n<figure class=\"wp-block-image size-large\"><img loading=\"lazy\" decoding=\"async\" width=\"858\" height=\"1024\" data-id=\"3053\" src=\"https:\/\/www.uicbasilicata.it\/wp-content\/uploads\/2025\/08\/WhatsApp-Image-2025-08-07-at-08.49.05-858x1024.jpeg\" alt=\"\" class=\"wp-image-3053\" srcset=\"https:\/\/www.uicbasilicata.it\/wp-content\/uploads\/2025\/08\/WhatsApp-Image-2025-08-07-at-08.49.05-858x1024.jpeg 858w, https:\/\/www.uicbasilicata.it\/wp-content\/uploads\/2025\/08\/WhatsApp-Image-2025-08-07-at-08.49.05-251x300.jpeg 251w, https:\/\/www.uicbasilicata.it\/wp-content\/uploads\/2025\/08\/WhatsApp-Image-2025-08-07-at-08.49.05-768x917.jpeg 768w, https:\/\/www.uicbasilicata.it\/wp-content\/uploads\/2025\/08\/WhatsApp-Image-2025-08-07-at-08.49.05-1287x1536.jpeg 1287w, https:\/\/www.uicbasilicata.it\/wp-content\/uploads\/2025\/08\/WhatsApp-Image-2025-08-07-at-08.49.05.jpeg 1716w\" sizes=\"(max-width: 858px) 100vw, 858px\" \/><\/figure>\n<\/figure>\n","protected":false},"excerpt":{"rendered":"<p>Va in scena al Lucania Film Festival di Pisticci.La IAPB ITALIA ETS in collaborazione con il Consiglio Regionale UICI di Basilicata, ha portato l&#8217;unit\u00e0 Mobile oftalmica della Regione Basilicata nel centro storico di Pisticci in provincia di Matera durante la serata inaugurale del Lucania Film Festival. Il dott. Michele Veglia e la dr.ssa in ortottica [&hellip;]<\/p>\n","protected":false},"author":1,"featured_media":3054,"comment_status":"open","ping_status":"open","sticky":false,"template":"","format":"standard","meta":{"footnotes":""},"categories":[1],"tags":[],"class_list":["post-3051","post","type-post","status-publish","format-standard","has-post-thumbnail","hentry","category-uncategorized"],"yoast_head":"<!-- This site is optimized with the Yoast SEO plugin v28.3 - https:\/\/yoast.com\/product\/yoast-seo-wordpress\/ -->\n<title>La Prevenzione non va in vacanza | Uici Basilicata<\/title>\n<meta name=\"robots\" content=\"noindex, follow\" \/>\n<meta property=\"og:locale\" content=\"it_IT\" \/>\n<meta property=\"og:type\" content=\"article\" \/>\n<meta property=\"og:title\" content=\"La Prevenzione non va in vacanza | Uici Basilicata\" \/>\n<meta property=\"og:description\" content=\"Va in scena al Lucania Film Festival di Pisticci.La IAPB ITALIA ETS in collaborazione con il Consiglio Regionale UICI di Basilicata, ha portato l&#8217;unit\u00e0 Mobile oftalmica della Regione Basilicata nel centro storico di Pisticci in provincia di Matera durante la serata inaugurale del Lucania Film Festival. Il dott. Michele Veglia e la dr.ssa in ortottica [&hellip;]\" \/>\n<meta property=\"og:url\" content=\"https:\/\/www.uicbasilicata.it\/?p=3051\" \/>\n<meta property=\"og:site_name\" content=\"Uici Basilicata\" \/>\n<meta property=\"article:published_time\" content=\"2025-08-07T11:44:31+00:00\" \/>\n<meta property=\"article:modified_time\" content=\"2025-08-07T12:30:25+00:00\" \/>\n<meta property=\"og:image\" content=\"http:\/\/www.uicbasilicata.it\/wp-content\/uploads\/2025\/08\/WhatsApp-Image-2025-08-07-at-08.49.06-1.jpeg\" \/>\n\t<meta property=\"og:image:width\" content=\"2048\" \/>\n\t<meta property=\"og:image:height\" content=\"1560\" \/>\n\t<meta property=\"og:image:type\" content=\"image\/jpeg\" \/>\n<meta name=\"author\" content=\"UICI-Webmaster\" \/>\n<meta name=\"twitter:card\" content=\"summary_large_image\" \/>\n<meta name=\"twitter:label1\" content=\"Scritto da\" \/>\n\t<meta name=\"twitter:data1\" content=\"\" \/>\n\t<meta name=\"twitter:label2\" content=\"Tempo di lettura stimato\" \/>\n\t<meta name=\"twitter:data2\" content=\"3 minuti\" \/>\n<script type=\"application\/ld+json\" class=\"yoast-schema-graph\">{\"@context\":\"https:\\\/\\\/schema.org\",\"@graph\":[{\"@type\":\"Article\",\"@id\":\"https:\\\/\\\/www.uicbasilicata.it\\\/?p=3051#article\",\"isPartOf\":{\"@id\":\"https:\\\/\\\/www.uicbasilicata.it\\\/?p=3051\"},\"author\":{\"name\":\"UICI-Webmaster\",\"@id\":\"https:\\\/\\\/www.uicbasilicata.it\\\/#\\\/schema\\\/person\\\/a80ffbd4491fb056e0a2642cfe88e387\"},\"headline\":\"La Prevenzione non va in vacanza\",\"datePublished\":\"2025-08-07T11:44:31+00:00\",\"dateModified\":\"2025-08-07T12:30:25+00:00\",\"mainEntityOfPage\":{\"@id\":\"https:\\\/\\\/www.uicbasilicata.it\\\/?p=3051\"},\"wordCount\":177,\"commentCount\":0,\"publisher\":{\"@id\":\"https:\\\/\\\/www.uicbasilicata.it\\\/#organization\"},\"image\":{\"@id\":\"https:\\\/\\\/www.uicbasilicata.it\\\/?p=3051#primaryimage\"},\"thumbnailUrl\":\"https:\\\/\\\/www.uicbasilicata.it\\\/wp-content\\\/uploads\\\/2025\\\/08\\\/WhatsApp-Image-2025-08-07-at-08.49.06-1.jpeg\",\"articleSection\":[\"Uncategorized\"],\"inLanguage\":\"it-IT\",\"potentialAction\":[{\"@type\":\"CommentAction\",\"name\":\"Comment\",\"target\":[\"https:\\\/\\\/www.uicbasilicata.it\\\/?p=3051#respond\"]}]},{\"@type\":\"WebPage\",\"@id\":\"https:\\\/\\\/www.uicbasilicata.it\\\/?p=3051\",\"url\":\"https:\\\/\\\/www.uicbasilicata.it\\\/?p=3051\",\"name\":\"La Prevenzione non va in vacanza | Uici Basilicata\",\"isPartOf\":{\"@id\":\"https:\\\/\\\/www.uicbasilicata.it\\\/#website\"},\"primaryImageOfPage\":{\"@id\":\"https:\\\/\\\/www.uicbasilicata.it\\\/?p=3051#primaryimage\"},\"image\":{\"@id\":\"https:\\\/\\\/www.uicbasilicata.it\\\/?p=3051#primaryimage\"},\"thumbnailUrl\":\"https:\\\/\\\/www.uicbasilicata.it\\\/wp-content\\\/uploads\\\/2025\\\/08\\\/WhatsApp-Image-2025-08-07-at-08.49.06-1.jpeg\",\"datePublished\":\"2025-08-07T11:44:31+00:00\",\"dateModified\":\"2025-08-07T12:30:25+00:00\",\"breadcrumb\":{\"@id\":\"https:\\\/\\\/www.uicbasilicata.it\\\/?p=3051#breadcrumb\"},\"inLanguage\":\"it-IT\",\"potentialAction\":[{\"@type\":\"ReadAction\",\"target\":[\"https:\\\/\\\/www.uicbasilicata.it\\\/?p=3051\"]}]},{\"@type\":\"ImageObject\",\"inLanguage\":\"it-IT\",\"@id\":\"https:\\\/\\\/www.uicbasilicata.it\\\/?p=3051#primaryimage\",\"url\":\"https:\\\/\\\/www.uicbasilicata.it\\\/wp-content\\\/uploads\\\/2025\\\/08\\\/WhatsApp-Image-2025-08-07-at-08.49.06-1.jpeg\",\"contentUrl\":\"https:\\\/\\\/www.uicbasilicata.it\\\/wp-content\\\/uploads\\\/2025\\\/08\\\/WhatsApp-Image-2025-08-07-at-08.49.06-1.jpeg\",\"width\":2048,\"height\":1560},{\"@type\":\"BreadcrumbList\",\"@id\":\"https:\\\/\\\/www.uicbasilicata.it\\\/?p=3051#breadcrumb\",\"itemListElement\":[{\"@type\":\"ListItem\",\"position\":1,\"name\":\"Home\",\"item\":\"https:\\\/\\\/www.uicbasilicata.it\\\/\"},{\"@type\":\"ListItem\",\"position\":2,\"name\":\"La Prevenzione non va in vacanza\"}]},{\"@type\":\"WebSite\",\"@id\":\"https:\\\/\\\/www.uicbasilicata.it\\\/#website\",\"url\":\"https:\\\/\\\/www.uicbasilicata.it\\\/\",\"name\":\"Uici Basilicata\",\"description\":\"Unione Italiana Ciechi ed Ipovedenti\",\"publisher\":{\"@id\":\"https:\\\/\\\/www.uicbasilicata.it\\\/#organization\"},\"potentialAction\":[{\"@type\":\"SearchAction\",\"target\":{\"@type\":\"EntryPoint\",\"urlTemplate\":\"https:\\\/\\\/www.uicbasilicata.it\\\/?s={search_term_string}\"},\"query-input\":{\"@type\":\"PropertyValueSpecification\",\"valueRequired\":true,\"valueName\":\"search_term_string\"}}],\"inLanguage\":\"it-IT\"},{\"@type\":\"Organization\",\"@id\":\"https:\\\/\\\/www.uicbasilicata.it\\\/#organization\",\"name\":\"UICI Basilicata\",\"url\":\"https:\\\/\\\/www.uicbasilicata.it\\\/\",\"logo\":{\"@type\":\"ImageObject\",\"inLanguage\":\"it-IT\",\"@id\":\"https:\\\/\\\/www.uicbasilicata.it\\\/#\\\/schema\\\/logo\\\/image\\\/\",\"url\":\"http:\\\/\\\/www.uicbasilicata.it\\\/wp-content\\\/uploads\\\/2020\\\/12\\\/cropped-Logo-Definitivo.png\",\"contentUrl\":\"http:\\\/\\\/www.uicbasilicata.it\\\/wp-content\\\/uploads\\\/2020\\\/12\\\/cropped-Logo-Definitivo.png\",\"width\":6300,\"height\":2972,\"caption\":\"UICI Basilicata\"},\"image\":{\"@id\":\"https:\\\/\\\/www.uicbasilicata.it\\\/#\\\/schema\\\/logo\\\/image\\\/\"},\"sameAs\":[\"https:\\\/\\\/www.instagram.com\\\/uicibasilicata\\\/?hl=it\"]},{\"@type\":\"Person\",\"@id\":\"https:\\\/\\\/www.uicbasilicata.it\\\/#\\\/schema\\\/person\\\/a80ffbd4491fb056e0a2642cfe88e387\",\"name\":\"UICI-Webmaster\",\"image\":{\"@type\":\"ImageObject\",\"inLanguage\":\"it-IT\",\"@id\":\"https:\\\/\\\/secure.gravatar.com\\\/avatar\\\/1110e1465185c393d54e044e06ffc57b8ce1e90c657b9f90e50eb49d21d116d3?s=96&d=mm&r=g\",\"url\":\"https:\\\/\\\/secure.gravatar.com\\\/avatar\\\/1110e1465185c393d54e044e06ffc57b8ce1e90c657b9f90e50eb49d21d116d3?s=96&d=mm&r=g\",\"contentUrl\":\"https:\\\/\\\/secure.gravatar.com\\\/avatar\\\/1110e1465185c393d54e044e06ffc57b8ce1e90c657b9f90e50eb49d21d116d3?s=96&d=mm&r=g\",\"caption\":\"UICI-Webmaster\"},\"sameAs\":[\"https:\\\/\\\/www.uicbasilicata.it\"],\"url\":\"https:\\\/\\\/www.uicbasilicata.it\\\/?author=1\"}]}<\/script>\n<!-- \/ Yoast SEO plugin. -->","yoast_head_json":{"title":"La Prevenzione non va in vacanza | Uici Basilicata","robots":{"index":"noindex","follow":"follow"},"og_locale":"it_IT","og_type":"article","og_title":"La Prevenzione non va in vacanza | Uici Basilicata","og_description":"Va in scena al Lucania Film Festival di Pisticci.La IAPB ITALIA ETS in collaborazione con il Consiglio Regionale UICI di Basilicata, ha portato l&#8217;unit\u00e0 Mobile oftalmica della Regione Basilicata nel centro storico di Pisticci in provincia di Matera durante la serata inaugurale del Lucania Film Festival. Il dott. Michele Veglia e la dr.ssa in ortottica [&hellip;]","og_url":"https:\/\/www.uicbasilicata.it\/?p=3051","og_site_name":"Uici Basilicata","article_published_time":"2025-08-07T11:44:31+00:00","article_modified_time":"2025-08-07T12:30:25+00:00","og_image":[{"width":2048,"height":1560,"url":"http:\/\/www.uicbasilicata.it\/wp-content\/uploads\/2025\/08\/WhatsApp-Image-2025-08-07-at-08.49.06-1.jpeg","type":"image\/jpeg"}],"author":"UICI-Webmaster","twitter_card":"summary_large_image","twitter_misc":{"Scritto da":false,"Tempo di lettura stimato":"3 minuti"},"schema":{"@context":"https:\/\/schema.org","@graph":[{"@type":"Article","@id":"https:\/\/www.uicbasilicata.it\/?p=3051#article","isPartOf":{"@id":"https:\/\/www.uicbasilicata.it\/?p=3051"},"author":{"name":"UICI-Webmaster","@id":"https:\/\/www.uicbasilicata.it\/#\/schema\/person\/a80ffbd4491fb056e0a2642cfe88e387"},"headline":"La Prevenzione non va in vacanza","datePublished":"2025-08-07T11:44:31+00:00","dateModified":"2025-08-07T12:30:25+00:00","mainEntityOfPage":{"@id":"https:\/\/www.uicbasilicata.it\/?p=3051"},"wordCount":177,"commentCount":0,"publisher":{"@id":"https:\/\/www.uicbasilicata.it\/#organization"},"image":{"@id":"https:\/\/www.uicbasilicata.it\/?p=3051#primaryimage"},"thumbnailUrl":"https:\/\/www.uicbasilicata.it\/wp-content\/uploads\/2025\/08\/WhatsApp-Image-2025-08-07-at-08.49.06-1.jpeg","articleSection":["Uncategorized"],"inLanguage":"it-IT","potentialAction":[{"@type":"CommentAction","name":"Comment","target":["https:\/\/www.uicbasilicata.it\/?p=3051#respond"]}]},{"@type":"WebPage","@id":"https:\/\/www.uicbasilicata.it\/?p=3051","url":"https:\/\/www.uicbasilicata.it\/?p=3051","name":"La Prevenzione non va in vacanza | Uici Basilicata","isPartOf":{"@id":"https:\/\/www.uicbasilicata.it\/#website"},"primaryImageOfPage":{"@id":"https:\/\/www.uicbasilicata.it\/?p=3051#primaryimage"},"image":{"@id":"https:\/\/www.uicbasilicata.it\/?p=3051#primaryimage"},"thumbnailUrl":"https:\/\/www.uicbasilicata.it\/wp-content\/uploads\/2025\/08\/WhatsApp-Image-2025-08-07-at-08.49.06-1.jpeg","datePublished":"2025-08-07T11:44:31+00:00","dateModified":"2025-08-07T12:30:25+00:00","breadcrumb":{"@id":"https:\/\/www.uicbasilicata.it\/?p=3051#breadcrumb"},"inLanguage":"it-IT","potentialAction":[{"@type":"ReadAction","target":["https:\/\/www.uicbasilicata.it\/?p=3051"]}]},{"@type":"ImageObject","inLanguage":"it-IT","@id":"https:\/\/www.uicbasilicata.it\/?p=3051#primaryimage","url":"https:\/\/www.uicbasilicata.it\/wp-content\/uploads\/2025\/08\/WhatsApp-Image-2025-08-07-at-08.49.06-1.jpeg","contentUrl":"https:\/\/www.uicbasilicata.it\/wp-content\/uploads\/2025\/08\/WhatsApp-Image-2025-08-07-at-08.49.06-1.jpeg","width":2048,"height":1560},{"@type":"BreadcrumbList","@id":"https:\/\/www.uicbasilicata.it\/?p=3051#breadcrumb","itemListElement":[{"@type":"ListItem","position":1,"name":"Home","item":"https:\/\/www.uicbasilicata.it\/"},{"@type":"ListItem","position":2,"name":"La Prevenzione non va in vacanza"}]},{"@type":"WebSite","@id":"https:\/\/www.uicbasilicata.it\/#website","url":"https:\/\/www.uicbasilicata.it\/","name":"Uici Basilicata","description":"Unione Italiana Ciechi ed Ipovedenti","publisher":{"@id":"https:\/\/www.uicbasilicata.it\/#organization"},"potentialAction":[{"@type":"SearchAction","target":{"@type":"EntryPoint","urlTemplate":"https:\/\/www.uicbasilicata.it\/?s={search_term_string}"},"query-input":{"@type":"PropertyValueSpecification","valueRequired":true,"valueName":"search_term_string"}}],"inLanguage":"it-IT"},{"@type":"Organization","@id":"https:\/\/www.uicbasilicata.it\/#organization","name":"UICI Basilicata","url":"https:\/\/www.uicbasilicata.it\/","logo":{"@type":"ImageObject","inLanguage":"it-IT","@id":"https:\/\/www.uicbasilicata.it\/#\/schema\/logo\/image\/","url":"http:\/\/www.uicbasilicata.it\/wp-content\/uploads\/2020\/12\/cropped-Logo-Definitivo.png","contentUrl":"http:\/\/www.uicbasilicata.it\/wp-content\/uploads\/2020\/12\/cropped-Logo-Definitivo.png","width":6300,"height":2972,"caption":"UICI Basilicata"},"image":{"@id":"https:\/\/www.uicbasilicata.it\/#\/schema\/logo\/image\/"},"sameAs":["https:\/\/www.instagram.com\/uicibasilicata\/?hl=it"]},{"@type":"Person","@id":"https:\/\/www.uicbasilicata.it\/#\/schema\/person\/a80ffbd4491fb056e0a2642cfe88e387","name":"UICI-Webmaster","image":{"@type":"ImageObject","inLanguage":"it-IT","@id":"https:\/\/secure.gravatar.com\/avatar\/1110e1465185c393d54e044e06ffc57b8ce1e90c657b9f90e50eb49d21d116d3?s=96&d=mm&r=g","url":"https:\/\/secure.gravatar.com\/avatar\/1110e1465185c393d54e044e06ffc57b8ce1e90c657b9f90e50eb49d21d116d3?s=96&d=mm&r=g","contentUrl":"https:\/\/secure.gravatar.com\/avatar\/1110e1465185c393d54e044e06ffc57b8ce1e90c657b9f90e50eb49d21d116d3?s=96&d=mm&r=g","caption":"UICI-Webmaster"},"sameAs":["https:\/\/www.uicbasilicata.it"],"url":"https:\/\/www.uicbasilicata.it\/?author=1"}]}},"_links":{"self":[{"href":"https:\/\/www.uicbasilicata.it\/index.php?rest_route=\/wp\/v2\/posts\/3051","targetHints":{"allow":["GET"]}}],"collection":[{"href":"https:\/\/www.uicbasilicata.it\/index.php?rest_route=\/wp\/v2\/posts"}],"about":[{"href":"https:\/\/www.uicbasilicata.it\/index.php?rest_route=\/wp\/v2\/types\/post"}],"author":[{"embeddable":true,"href":"https:\/\/www.uicbasilicata.it\/index.php?rest_route=\/wp\/v2\/users\/1"}],"replies":[{"embeddable":true,"href":"https:\/\/www.uicbasilicata.it\/index.php?rest_route=%2Fwp%2Fv2%2Fcomments&post=3051"}],"version-history":[{"count":1,"href":"https:\/\/www.uicbasilicata.it\/index.php?rest_route=\/wp\/v2\/posts\/3051\/revisions"}],"predecessor-version":[{"id":3058,"href":"https:\/\/www.uicbasilicata.it\/index.php?rest_route=\/wp\/v2\/posts\/3051\/revisions\/3058"}],"wp:featuredmedia":[{"embeddable":true,"href":"https:\/\/www.uicbasilicata.it\/index.php?rest_route=\/wp\/v2\/media\/3054"}],"wp:attachment":[{"href":"https:\/\/www.uicbasilicata.it\/index.php?rest_route=%2Fwp%2Fv2%2Fmedia&parent=3051"}],"wp:term":[{"taxonomy":"category","embeddable":true,"href":"https:\/\/www.uicbasilicata.it\/index.php?rest_route=%2Fwp%2Fv2%2Fcategories&post=3051"},{"taxonomy":"post_tag","embeddable":true,"href":"https:\/\/www.uicbasilicata.it\/index.php?rest_route=%2Fwp%2Fv2%2Ftags&post=3051"}],"curies":[{"name":"wp","href":"https:\/\/api.w.org\/{rel}","templated":true}]}}