{"id":2983,"date":"2024-10-03T09:34:22","date_gmt":"2024-10-03T09:34:22","guid":{"rendered":"https:\/\/www.uicbasilicata.it\/?p=2983"},"modified":"2024-10-17T11:52:58","modified_gmt":"2024-10-17T11:52:58","slug":"giornata-mondiale-della-vista-2024","status":"publish","type":"post","link":"https:\/\/www.uicbasilicata.it\/?p=2983","title":{"rendered":"Giornata mondiale della vista 2024"},"content":{"rendered":"\n<p class=\"wp-block-paragraph\">Il 10 ottobre si \u00e8 celebrata la giornata mondiale della vista promossa dall\u2019Agenzia internazionale per la prevenzione della cecit\u00e0 &#8211; IAPB Italia in collaborazione con l&#8217;Unione italiana Ciechi e Ipovedenti, attraverso numerose attivit\u00e0 di screening e sensibilizzazione in tutta Italia.<br>In questa nuova edizione 2024 per la campagna di comunicazione si \u00e8 scelto come slogan \u201cL\u2019istinto porta a proteggere gli occhi, la prevenzione a farlo\u201d.<br><strong>L&#8217;iziativa di prevenzione \u00e8 promossa e finanziata da IAPB Italia.per ulteriori info: www.iapb.it<\/strong><br>Il<strong> 12 ottobre<\/strong> l&#8217;UICI di Basilicata ha promosso una giornata di screening presso il Comune di <strong>Pietragalla in piazza Giuseppe Ceraldi, con screening rivolti agli over 40 dalle 09:00 alle 13:00\u00a0e dalle 15:00 alle 19:00.<\/strong><br>I controlli sono stati eseguiti in ordine di arrivo a cura del Dottor Giovanni Smaldone, gi\u00e0 primario del dipartimento di Oculistica dell\u2019AOR San Carlo.<br>Si ringrazia l&#8217;amministrazione comunale nella persona del <strong>Sindaco. Palo Cillis e della consigliera Samantha Sagaria <\/strong>per l&#8217;ospitalit\u00e0 e l&#8217;attenzione al tema della prevenzione e il corpo di Polizia locale di Pietragalla per il servizio di vigilanza e viabilit\u00e0.<br><br><strong><strong>Risultanze screening<\/strong><br><\/strong>Sono state scrinate 79 persone, la maggior parte nel range 65\/75. Lo screening si \u00e8 concentrato sulla ricerca del glaucoma, della maculopatia e della cataratta e tra le persone visitate sono state individuate una percentuale di positivi o sospetti a tali patologie.<\/p>\n\n\n\n<div class=\"wp-block-file\"><a id=\"wp-block-file--media-4534f961-7513-403a-aaa8-b89232712d95\" href=\"https:\/\/www.uicbasilicata.it\/wp-content\/uploads\/2024\/10\/2-1.jpg\">Locandina<\/a><a href=\"https:\/\/www.uicbasilicata.it\/wp-content\/uploads\/2024\/10\/2-1.jpg\" class=\"wp-block-file__button wp-element-button\" download aria-describedby=\"wp-block-file--media-4534f961-7513-403a-aaa8-b89232712d95\">Download<\/a><\/div>\n\n\n\n<div class=\"wp-block-file\"><a id=\"wp-block-file--media-e3732195-a45b-46ad-bd0d-510b8a9330b6\" href=\"https:\/\/www.uicbasilicata.it\/wp-content\/uploads\/2024\/10\/giornata-vista-24.pdf\">Comunicato stampa<\/a><a href=\"https:\/\/www.uicbasilicata.it\/wp-content\/uploads\/2024\/10\/giornata-vista-24.pdf\" class=\"wp-block-file__button wp-element-button\" download aria-describedby=\"wp-block-file--media-e3732195-a45b-46ad-bd0d-510b8a9330b6\">Download<\/a><\/div>\n\n\n\n<p class=\"wp-block-paragraph\"><a href=\"https:\/\/iapb.it\/gmv2024\/\">Spot Giornata Mondiale della vista<\/a><\/p>\n\n\n\n<p class=\"wp-block-paragraph\"><strong>Rassegna stampa<\/strong><br><a href=\"https:\/\/www.sassilive.it\/salute-e-sociale\/notizie-mediche\/giornata-mondiale-della-vista-iapb-italia-e-uici-screening-gratuito-per-over-40-a-tito-e-pietragalla\/\">Sassilive<\/a><br><a href=\"https:\/\/www.rainews.it\/tgr\/basilicata\/articoli\/2024\/10\/visite-gratuite-per-la-giornata-mondiale-della-vista-5ecdb717-fceb-4a2f-819d-76873ef7d877.html\">RAI 3 Basilicata<\/a><br><a href=\"https:\/\/youtu.be\/Sl7V5IzaiqM\">Video youTube<\/a><br><a href=\"https:\/\/ivl24.it\/visite-gratuite-per-la-giornata-mondiale-della-vista\/#google_vignette\">ivl 24<\/a><\/p>\n\n\n\n<p class=\"wp-block-paragraph\"><strong>Galleria fotografica<\/strong><\/p>\n\n\n\n<figure class=\"wp-block-gallery has-nested-images columns-default is-cropped wp-block-gallery-1 is-layout-flex wp-block-gallery-is-layout-flex\">\n<figure class=\"wp-block-image size-large\"><img fetchpriority=\"high\" decoding=\"async\" width=\"1024\" height=\"576\" data-id=\"3008\" src=\"https:\/\/www.uicbasilicata.it\/wp-content\/uploads\/2024\/10\/1-1-1024x576.jpg\" alt=\"\" class=\"wp-image-3008\" srcset=\"https:\/\/www.uicbasilicata.it\/wp-content\/uploads\/2024\/10\/1-1-1024x576.jpg 1024w, https:\/\/www.uicbasilicata.it\/wp-content\/uploads\/2024\/10\/1-1-300x169.jpg 300w, https:\/\/www.uicbasilicata.it\/wp-content\/uploads\/2024\/10\/1-1-768x432.jpg 768w, https:\/\/www.uicbasilicata.it\/wp-content\/uploads\/2024\/10\/1-1-1536x864.jpg 1536w, https:\/\/www.uicbasilicata.it\/wp-content\/uploads\/2024\/10\/1-1.jpg 2040w\" sizes=\"(max-width: 1024px) 100vw, 1024px\" \/><\/figure>\n\n\n\n<figure class=\"wp-block-image size-large\"><img decoding=\"async\" width=\"1024\" height=\"576\" data-id=\"3010\" src=\"https:\/\/www.uicbasilicata.it\/wp-content\/uploads\/2024\/10\/3-1-1024x576.jpg\" alt=\"\" class=\"wp-image-3010\" srcset=\"https:\/\/www.uicbasilicata.it\/wp-content\/uploads\/2024\/10\/3-1-1024x576.jpg 1024w, https:\/\/www.uicbasilicata.it\/wp-content\/uploads\/2024\/10\/3-1-300x169.jpg 300w, https:\/\/www.uicbasilicata.it\/wp-content\/uploads\/2024\/10\/3-1-768x432.jpg 768w, https:\/\/www.uicbasilicata.it\/wp-content\/uploads\/2024\/10\/3-1-1536x864.jpg 1536w, https:\/\/www.uicbasilicata.it\/wp-content\/uploads\/2024\/10\/3-1.jpg 2040w\" sizes=\"(max-width: 1024px) 100vw, 1024px\" \/><\/figure>\n\n\n\n<figure class=\"wp-block-image size-large\"><img decoding=\"async\" width=\"1024\" height=\"768\" data-id=\"3005\" src=\"https:\/\/www.uicbasilicata.it\/wp-content\/uploads\/2024\/10\/0-1-1024x768.jpg\" alt=\"\" class=\"wp-image-3005\" srcset=\"https:\/\/www.uicbasilicata.it\/wp-content\/uploads\/2024\/10\/0-1-1024x768.jpg 1024w, https:\/\/www.uicbasilicata.it\/wp-content\/uploads\/2024\/10\/0-1-300x225.jpg 300w, https:\/\/www.uicbasilicata.it\/wp-content\/uploads\/2024\/10\/0-1-768x576.jpg 768w, https:\/\/www.uicbasilicata.it\/wp-content\/uploads\/2024\/10\/0-1.jpg 1448w\" sizes=\"(max-width: 1024px) 100vw, 1024px\" \/><\/figure>\n\n\n\n<figure class=\"wp-block-image size-large\"><img loading=\"lazy\" decoding=\"async\" width=\"1024\" height=\"768\" data-id=\"3007\" src=\"https:\/\/www.uicbasilicata.it\/wp-content\/uploads\/2024\/10\/7-1-1024x768.jpg\" alt=\"\" class=\"wp-image-3007\" srcset=\"https:\/\/www.uicbasilicata.it\/wp-content\/uploads\/2024\/10\/7-1-1024x768.jpg 1024w, https:\/\/www.uicbasilicata.it\/wp-content\/uploads\/2024\/10\/7-1-300x225.jpg 300w, https:\/\/www.uicbasilicata.it\/wp-content\/uploads\/2024\/10\/7-1-768x576.jpg 768w, https:\/\/www.uicbasilicata.it\/wp-content\/uploads\/2024\/10\/7-1.jpg 1448w\" sizes=\"(max-width: 1024px) 100vw, 1024px\" \/><\/figure>\n\n\n\n<figure class=\"wp-block-image size-large\"><img loading=\"lazy\" decoding=\"async\" width=\"1024\" height=\"768\" data-id=\"3006\" src=\"https:\/\/www.uicbasilicata.it\/wp-content\/uploads\/2024\/10\/01-1024x768.jpg\" alt=\"\" class=\"wp-image-3006\" srcset=\"https:\/\/www.uicbasilicata.it\/wp-content\/uploads\/2024\/10\/01-1024x768.jpg 1024w, https:\/\/www.uicbasilicata.it\/wp-content\/uploads\/2024\/10\/01-300x225.jpg 300w, https:\/\/www.uicbasilicata.it\/wp-content\/uploads\/2024\/10\/01-768x576.jpg 768w, https:\/\/www.uicbasilicata.it\/wp-content\/uploads\/2024\/10\/01.jpg 1448w\" sizes=\"(max-width: 1024px) 100vw, 1024px\" \/><\/figure>\n\n\n\n<figure class=\"wp-block-image size-large\"><img loading=\"lazy\" decoding=\"async\" width=\"1024\" height=\"576\" data-id=\"3009\" src=\"https:\/\/www.uicbasilicata.it\/wp-content\/uploads\/2024\/10\/2-2-1024x576.jpg\" alt=\"\" class=\"wp-image-3009\" srcset=\"https:\/\/www.uicbasilicata.it\/wp-content\/uploads\/2024\/10\/2-2-1024x576.jpg 1024w, https:\/\/www.uicbasilicata.it\/wp-content\/uploads\/2024\/10\/2-2-300x169.jpg 300w, https:\/\/www.uicbasilicata.it\/wp-content\/uploads\/2024\/10\/2-2-768x432.jpg 768w, https:\/\/www.uicbasilicata.it\/wp-content\/uploads\/2024\/10\/2-2-1536x864.jpg 1536w, https:\/\/www.uicbasilicata.it\/wp-content\/uploads\/2024\/10\/2-2.jpg 2040w\" sizes=\"(max-width: 1024px) 100vw, 1024px\" \/><\/figure>\n\n\n\n<figure class=\"wp-block-image size-large\"><img loading=\"lazy\" decoding=\"async\" width=\"1024\" height=\"576\" data-id=\"3002\" src=\"https:\/\/www.uicbasilicata.it\/wp-content\/uploads\/2024\/10\/4-1-1024x576.jpg\" alt=\"\" class=\"wp-image-3002\" srcset=\"https:\/\/www.uicbasilicata.it\/wp-content\/uploads\/2024\/10\/4-1-1024x576.jpg 1024w, https:\/\/www.uicbasilicata.it\/wp-content\/uploads\/2024\/10\/4-1-300x169.jpg 300w, https:\/\/www.uicbasilicata.it\/wp-content\/uploads\/2024\/10\/4-1-768x432.jpg 768w, https:\/\/www.uicbasilicata.it\/wp-content\/uploads\/2024\/10\/4-1-1536x864.jpg 1536w, https:\/\/www.uicbasilicata.it\/wp-content\/uploads\/2024\/10\/4-1.jpg 1600w\" sizes=\"(max-width: 1024px) 100vw, 1024px\" \/><\/figure>\n\n\n\n<figure class=\"wp-block-image size-large\"><img loading=\"lazy\" decoding=\"async\" width=\"1024\" height=\"576\" data-id=\"3003\" src=\"https:\/\/www.uicbasilicata.it\/wp-content\/uploads\/2024\/10\/5-1-1024x576.jpg\" alt=\"\" class=\"wp-image-3003\" srcset=\"https:\/\/www.uicbasilicata.it\/wp-content\/uploads\/2024\/10\/5-1-1024x576.jpg 1024w, https:\/\/www.uicbasilicata.it\/wp-content\/uploads\/2024\/10\/5-1-300x169.jpg 300w, https:\/\/www.uicbasilicata.it\/wp-content\/uploads\/2024\/10\/5-1-768x432.jpg 768w, https:\/\/www.uicbasilicata.it\/wp-content\/uploads\/2024\/10\/5-1-1536x864.jpg 1536w, https:\/\/www.uicbasilicata.it\/wp-content\/uploads\/2024\/10\/5-1.jpg 1599w\" sizes=\"(max-width: 1024px) 100vw, 1024px\" \/><\/figure>\n\n\n\n<figure class=\"wp-block-image size-large\"><img loading=\"lazy\" decoding=\"async\" width=\"1024\" height=\"576\" data-id=\"3004\" src=\"https:\/\/www.uicbasilicata.it\/wp-content\/uploads\/2024\/10\/6-1-1024x576.jpg\" alt=\"\" class=\"wp-image-3004\" srcset=\"https:\/\/www.uicbasilicata.it\/wp-content\/uploads\/2024\/10\/6-1-1024x576.jpg 1024w, https:\/\/www.uicbasilicata.it\/wp-content\/uploads\/2024\/10\/6-1-300x169.jpg 300w, https:\/\/www.uicbasilicata.it\/wp-content\/uploads\/2024\/10\/6-1-768x432.jpg 768w, https:\/\/www.uicbasilicata.it\/wp-content\/uploads\/2024\/10\/6-1-1536x864.jpg 1536w, https:\/\/www.uicbasilicata.it\/wp-content\/uploads\/2024\/10\/6-1.jpg 1600w\" sizes=\"(max-width: 1024px) 100vw, 1024px\" \/><\/figure>\n<\/figure>\n","protected":false},"excerpt":{"rendered":"<p>Il 10 ottobre si \u00e8 celebrata la giornata mondiale della vista promossa dall\u2019Agenzia internazionale per la prevenzione della cecit\u00e0 &#8211; IAPB Italia in collaborazione con l&#8217;Unione italiana Ciechi e Ipovedenti, attraverso numerose attivit\u00e0 di screening e sensibilizzazione in tutta Italia.In questa nuova edizione 2024 per la campagna di comunicazione si \u00e8 scelto come slogan \u201cL\u2019istinto [&hellip;]<\/p>\n","protected":false},"author":3,"featured_media":2984,"comment_status":"open","ping_status":"open","sticky":false,"template":"","format":"standard","meta":{"footnotes":""},"categories":[2],"tags":[],"class_list":["post-2983","post","type-post","status-publish","format-standard","has-post-thumbnail","hentry","category-news-eventi"],"yoast_head":"<!-- This site is optimized with the Yoast SEO plugin v28.3 - https:\/\/yoast.com\/product\/yoast-seo-wordpress\/ -->\n<title>Giornata mondiale della vista 2024 | Uici Basilicata<\/title>\n<meta name=\"robots\" content=\"noindex, follow\" \/>\n<meta property=\"og:locale\" content=\"it_IT\" \/>\n<meta property=\"og:type\" content=\"article\" \/>\n<meta property=\"og:title\" content=\"Giornata mondiale della vista 2024 | Uici Basilicata\" \/>\n<meta property=\"og:description\" content=\"Il 10 ottobre si \u00e8 celebrata la giornata mondiale della vista promossa dall\u2019Agenzia internazionale per la prevenzione della cecit\u00e0 &#8211; IAPB Italia in collaborazione con l&#8217;Unione italiana Ciechi e Ipovedenti, attraverso numerose attivit\u00e0 di screening e sensibilizzazione in tutta Italia.In questa nuova edizione 2024 per la campagna di comunicazione si \u00e8 scelto come slogan \u201cL\u2019istinto [&hellip;]\" \/>\n<meta property=\"og:url\" content=\"https:\/\/www.uicbasilicata.it\/?p=2983\" \/>\n<meta property=\"og:site_name\" content=\"Uici Basilicata\" \/>\n<meta property=\"article:published_time\" content=\"2024-10-03T09:34:22+00:00\" \/>\n<meta property=\"article:modified_time\" content=\"2024-10-17T11:52:58+00:00\" \/>\n<meta property=\"og:image\" content=\"http:\/\/www.uicbasilicata.it\/wp-content\/uploads\/2024\/10\/CARD_GMDV2024_1.jpg\" \/>\n\t<meta property=\"og:image:width\" content=\"1000\" \/>\n\t<meta property=\"og:image:height\" content=\"1000\" \/>\n\t<meta property=\"og:image:type\" content=\"image\/jpeg\" \/>\n<meta name=\"author\" content=\"Uici Basilicata\" \/>\n<meta name=\"twitter:card\" content=\"summary_large_image\" \/>\n<meta name=\"twitter:label1\" content=\"Scritto da\" \/>\n\t<meta name=\"twitter:data1\" content=\"\" \/>\n\t<meta name=\"twitter:label2\" content=\"Tempo di lettura stimato\" \/>\n\t<meta name=\"twitter:data2\" content=\"4 minuti\" \/>\n<script type=\"application\/ld+json\" class=\"yoast-schema-graph\">{\"@context\":\"https:\\\/\\\/schema.org\",\"@graph\":[{\"@type\":\"Article\",\"@id\":\"https:\\\/\\\/www.uicbasilicata.it\\\/?p=2983#article\",\"isPartOf\":{\"@id\":\"https:\\\/\\\/www.uicbasilicata.it\\\/?p=2983\"},\"author\":{\"name\":\"Uici Basilicata\",\"@id\":\"https:\\\/\\\/www.uicbasilicata.it\\\/#\\\/schema\\\/person\\\/b61f8ef2c4559759074b29ee2356fa2f\"},\"headline\":\"Giornata mondiale della vista 2024\",\"datePublished\":\"2024-10-03T09:34:22+00:00\",\"dateModified\":\"2024-10-17T11:52:58+00:00\",\"mainEntityOfPage\":{\"@id\":\"https:\\\/\\\/www.uicbasilicata.it\\\/?p=2983\"},\"wordCount\":242,\"commentCount\":0,\"publisher\":{\"@id\":\"https:\\\/\\\/www.uicbasilicata.it\\\/#organization\"},\"image\":{\"@id\":\"https:\\\/\\\/www.uicbasilicata.it\\\/?p=2983#primaryimage\"},\"thumbnailUrl\":\"https:\\\/\\\/www.uicbasilicata.it\\\/wp-content\\\/uploads\\\/2024\\\/10\\\/CARD_GMDV2024_1.jpg\",\"articleSection\":[\"News &amp; Eventi\"],\"inLanguage\":\"it-IT\",\"potentialAction\":[{\"@type\":\"CommentAction\",\"name\":\"Comment\",\"target\":[\"https:\\\/\\\/www.uicbasilicata.it\\\/?p=2983#respond\"]}]},{\"@type\":\"WebPage\",\"@id\":\"https:\\\/\\\/www.uicbasilicata.it\\\/?p=2983\",\"url\":\"https:\\\/\\\/www.uicbasilicata.it\\\/?p=2983\",\"name\":\"Giornata mondiale della vista 2024 | Uici Basilicata\",\"isPartOf\":{\"@id\":\"https:\\\/\\\/www.uicbasilicata.it\\\/#website\"},\"primaryImageOfPage\":{\"@id\":\"https:\\\/\\\/www.uicbasilicata.it\\\/?p=2983#primaryimage\"},\"image\":{\"@id\":\"https:\\\/\\\/www.uicbasilicata.it\\\/?p=2983#primaryimage\"},\"thumbnailUrl\":\"https:\\\/\\\/www.uicbasilicata.it\\\/wp-content\\\/uploads\\\/2024\\\/10\\\/CARD_GMDV2024_1.jpg\",\"datePublished\":\"2024-10-03T09:34:22+00:00\",\"dateModified\":\"2024-10-17T11:52:58+00:00\",\"breadcrumb\":{\"@id\":\"https:\\\/\\\/www.uicbasilicata.it\\\/?p=2983#breadcrumb\"},\"inLanguage\":\"it-IT\",\"potentialAction\":[{\"@type\":\"ReadAction\",\"target\":[\"https:\\\/\\\/www.uicbasilicata.it\\\/?p=2983\"]}]},{\"@type\":\"ImageObject\",\"inLanguage\":\"it-IT\",\"@id\":\"https:\\\/\\\/www.uicbasilicata.it\\\/?p=2983#primaryimage\",\"url\":\"https:\\\/\\\/www.uicbasilicata.it\\\/wp-content\\\/uploads\\\/2024\\\/10\\\/CARD_GMDV2024_1.jpg\",\"contentUrl\":\"https:\\\/\\\/www.uicbasilicata.it\\\/wp-content\\\/uploads\\\/2024\\\/10\\\/CARD_GMDV2024_1.jpg\",\"width\":1000,\"height\":1000},{\"@type\":\"BreadcrumbList\",\"@id\":\"https:\\\/\\\/www.uicbasilicata.it\\\/?p=2983#breadcrumb\",\"itemListElement\":[{\"@type\":\"ListItem\",\"position\":1,\"name\":\"Home\",\"item\":\"https:\\\/\\\/www.uicbasilicata.it\\\/\"},{\"@type\":\"ListItem\",\"position\":2,\"name\":\"Giornata mondiale della vista 2024\"}]},{\"@type\":\"WebSite\",\"@id\":\"https:\\\/\\\/www.uicbasilicata.it\\\/#website\",\"url\":\"https:\\\/\\\/www.uicbasilicata.it\\\/\",\"name\":\"Uici Basilicata\",\"description\":\"Unione Italiana Ciechi ed Ipovedenti\",\"publisher\":{\"@id\":\"https:\\\/\\\/www.uicbasilicata.it\\\/#organization\"},\"potentialAction\":[{\"@type\":\"SearchAction\",\"target\":{\"@type\":\"EntryPoint\",\"urlTemplate\":\"https:\\\/\\\/www.uicbasilicata.it\\\/?s={search_term_string}\"},\"query-input\":{\"@type\":\"PropertyValueSpecification\",\"valueRequired\":true,\"valueName\":\"search_term_string\"}}],\"inLanguage\":\"it-IT\"},{\"@type\":\"Organization\",\"@id\":\"https:\\\/\\\/www.uicbasilicata.it\\\/#organization\",\"name\":\"UICI Basilicata\",\"url\":\"https:\\\/\\\/www.uicbasilicata.it\\\/\",\"logo\":{\"@type\":\"ImageObject\",\"inLanguage\":\"it-IT\",\"@id\":\"https:\\\/\\\/www.uicbasilicata.it\\\/#\\\/schema\\\/logo\\\/image\\\/\",\"url\":\"http:\\\/\\\/www.uicbasilicata.it\\\/wp-content\\\/uploads\\\/2020\\\/12\\\/cropped-Logo-Definitivo.png\",\"contentUrl\":\"http:\\\/\\\/www.uicbasilicata.it\\\/wp-content\\\/uploads\\\/2020\\\/12\\\/cropped-Logo-Definitivo.png\",\"width\":6300,\"height\":2972,\"caption\":\"UICI Basilicata\"},\"image\":{\"@id\":\"https:\\\/\\\/www.uicbasilicata.it\\\/#\\\/schema\\\/logo\\\/image\\\/\"},\"sameAs\":[\"https:\\\/\\\/www.instagram.com\\\/uicibasilicata\\\/?hl=it\"]},{\"@type\":\"Person\",\"@id\":\"https:\\\/\\\/www.uicbasilicata.it\\\/#\\\/schema\\\/person\\\/b61f8ef2c4559759074b29ee2356fa2f\",\"name\":\"Uici Basilicata\",\"image\":{\"@type\":\"ImageObject\",\"inLanguage\":\"it-IT\",\"@id\":\"https:\\\/\\\/secure.gravatar.com\\\/avatar\\\/7117452ed271e5ea741dd167d52ee58fa4664d6761036557a023fb86a3c98f99?s=96&d=mm&r=g\",\"url\":\"https:\\\/\\\/secure.gravatar.com\\\/avatar\\\/7117452ed271e5ea741dd167d52ee58fa4664d6761036557a023fb86a3c98f99?s=96&d=mm&r=g\",\"contentUrl\":\"https:\\\/\\\/secure.gravatar.com\\\/avatar\\\/7117452ed271e5ea741dd167d52ee58fa4664d6761036557a023fb86a3c98f99?s=96&d=mm&r=g\",\"caption\":\"Uici Basilicata\"},\"url\":\"https:\\\/\\\/www.uicbasilicata.it\\\/?author=3\"}]}<\/script>\n<!-- \/ Yoast SEO plugin. -->","yoast_head_json":{"title":"Giornata mondiale della vista 2024 | Uici Basilicata","robots":{"index":"noindex","follow":"follow"},"og_locale":"it_IT","og_type":"article","og_title":"Giornata mondiale della vista 2024 | Uici Basilicata","og_description":"Il 10 ottobre si \u00e8 celebrata la giornata mondiale della vista promossa dall\u2019Agenzia internazionale per la prevenzione della cecit\u00e0 &#8211; IAPB Italia in collaborazione con l&#8217;Unione italiana Ciechi e Ipovedenti, attraverso numerose attivit\u00e0 di screening e sensibilizzazione in tutta Italia.In questa nuova edizione 2024 per la campagna di comunicazione si \u00e8 scelto come slogan \u201cL\u2019istinto [&hellip;]","og_url":"https:\/\/www.uicbasilicata.it\/?p=2983","og_site_name":"Uici Basilicata","article_published_time":"2024-10-03T09:34:22+00:00","article_modified_time":"2024-10-17T11:52:58+00:00","og_image":[{"width":1000,"height":1000,"url":"http:\/\/www.uicbasilicata.it\/wp-content\/uploads\/2024\/10\/CARD_GMDV2024_1.jpg","type":"image\/jpeg"}],"author":"Uici Basilicata","twitter_card":"summary_large_image","twitter_misc":{"Scritto da":false,"Tempo di lettura stimato":"4 minuti"},"schema":{"@context":"https:\/\/schema.org","@graph":[{"@type":"Article","@id":"https:\/\/www.uicbasilicata.it\/?p=2983#article","isPartOf":{"@id":"https:\/\/www.uicbasilicata.it\/?p=2983"},"author":{"name":"Uici Basilicata","@id":"https:\/\/www.uicbasilicata.it\/#\/schema\/person\/b61f8ef2c4559759074b29ee2356fa2f"},"headline":"Giornata mondiale della vista 2024","datePublished":"2024-10-03T09:34:22+00:00","dateModified":"2024-10-17T11:52:58+00:00","mainEntityOfPage":{"@id":"https:\/\/www.uicbasilicata.it\/?p=2983"},"wordCount":242,"commentCount":0,"publisher":{"@id":"https:\/\/www.uicbasilicata.it\/#organization"},"image":{"@id":"https:\/\/www.uicbasilicata.it\/?p=2983#primaryimage"},"thumbnailUrl":"https:\/\/www.uicbasilicata.it\/wp-content\/uploads\/2024\/10\/CARD_GMDV2024_1.jpg","articleSection":["News &amp; Eventi"],"inLanguage":"it-IT","potentialAction":[{"@type":"CommentAction","name":"Comment","target":["https:\/\/www.uicbasilicata.it\/?p=2983#respond"]}]},{"@type":"WebPage","@id":"https:\/\/www.uicbasilicata.it\/?p=2983","url":"https:\/\/www.uicbasilicata.it\/?p=2983","name":"Giornata mondiale della vista 2024 | Uici Basilicata","isPartOf":{"@id":"https:\/\/www.uicbasilicata.it\/#website"},"primaryImageOfPage":{"@id":"https:\/\/www.uicbasilicata.it\/?p=2983#primaryimage"},"image":{"@id":"https:\/\/www.uicbasilicata.it\/?p=2983#primaryimage"},"thumbnailUrl":"https:\/\/www.uicbasilicata.it\/wp-content\/uploads\/2024\/10\/CARD_GMDV2024_1.jpg","datePublished":"2024-10-03T09:34:22+00:00","dateModified":"2024-10-17T11:52:58+00:00","breadcrumb":{"@id":"https:\/\/www.uicbasilicata.it\/?p=2983#breadcrumb"},"inLanguage":"it-IT","potentialAction":[{"@type":"ReadAction","target":["https:\/\/www.uicbasilicata.it\/?p=2983"]}]},{"@type":"ImageObject","inLanguage":"it-IT","@id":"https:\/\/www.uicbasilicata.it\/?p=2983#primaryimage","url":"https:\/\/www.uicbasilicata.it\/wp-content\/uploads\/2024\/10\/CARD_GMDV2024_1.jpg","contentUrl":"https:\/\/www.uicbasilicata.it\/wp-content\/uploads\/2024\/10\/CARD_GMDV2024_1.jpg","width":1000,"height":1000},{"@type":"BreadcrumbList","@id":"https:\/\/www.uicbasilicata.it\/?p=2983#breadcrumb","itemListElement":[{"@type":"ListItem","position":1,"name":"Home","item":"https:\/\/www.uicbasilicata.it\/"},{"@type":"ListItem","position":2,"name":"Giornata mondiale della vista 2024"}]},{"@type":"WebSite","@id":"https:\/\/www.uicbasilicata.it\/#website","url":"https:\/\/www.uicbasilicata.it\/","name":"Uici Basilicata","description":"Unione Italiana Ciechi ed Ipovedenti","publisher":{"@id":"https:\/\/www.uicbasilicata.it\/#organization"},"potentialAction":[{"@type":"SearchAction","target":{"@type":"EntryPoint","urlTemplate":"https:\/\/www.uicbasilicata.it\/?s={search_term_string}"},"query-input":{"@type":"PropertyValueSpecification","valueRequired":true,"valueName":"search_term_string"}}],"inLanguage":"it-IT"},{"@type":"Organization","@id":"https:\/\/www.uicbasilicata.it\/#organization","name":"UICI Basilicata","url":"https:\/\/www.uicbasilicata.it\/","logo":{"@type":"ImageObject","inLanguage":"it-IT","@id":"https:\/\/www.uicbasilicata.it\/#\/schema\/logo\/image\/","url":"http:\/\/www.uicbasilicata.it\/wp-content\/uploads\/2020\/12\/cropped-Logo-Definitivo.png","contentUrl":"http:\/\/www.uicbasilicata.it\/wp-content\/uploads\/2020\/12\/cropped-Logo-Definitivo.png","width":6300,"height":2972,"caption":"UICI Basilicata"},"image":{"@id":"https:\/\/www.uicbasilicata.it\/#\/schema\/logo\/image\/"},"sameAs":["https:\/\/www.instagram.com\/uicibasilicata\/?hl=it"]},{"@type":"Person","@id":"https:\/\/www.uicbasilicata.it\/#\/schema\/person\/b61f8ef2c4559759074b29ee2356fa2f","name":"Uici Basilicata","image":{"@type":"ImageObject","inLanguage":"it-IT","@id":"https:\/\/secure.gravatar.com\/avatar\/7117452ed271e5ea741dd167d52ee58fa4664d6761036557a023fb86a3c98f99?s=96&d=mm&r=g","url":"https:\/\/secure.gravatar.com\/avatar\/7117452ed271e5ea741dd167d52ee58fa4664d6761036557a023fb86a3c98f99?s=96&d=mm&r=g","contentUrl":"https:\/\/secure.gravatar.com\/avatar\/7117452ed271e5ea741dd167d52ee58fa4664d6761036557a023fb86a3c98f99?s=96&d=mm&r=g","caption":"Uici Basilicata"},"url":"https:\/\/www.uicbasilicata.it\/?author=3"}]}},"_links":{"self":[{"href":"https:\/\/www.uicbasilicata.it\/index.php?rest_route=\/wp\/v2\/posts\/2983","targetHints":{"allow":["GET"]}}],"collection":[{"href":"https:\/\/www.uicbasilicata.it\/index.php?rest_route=\/wp\/v2\/posts"}],"about":[{"href":"https:\/\/www.uicbasilicata.it\/index.php?rest_route=\/wp\/v2\/types\/post"}],"author":[{"embeddable":true,"href":"https:\/\/www.uicbasilicata.it\/index.php?rest_route=\/wp\/v2\/users\/3"}],"replies":[{"embeddable":true,"href":"https:\/\/www.uicbasilicata.it\/index.php?rest_route=%2Fwp%2Fv2%2Fcomments&post=2983"}],"version-history":[{"count":11,"href":"https:\/\/www.uicbasilicata.it\/index.php?rest_route=\/wp\/v2\/posts\/2983\/revisions"}],"predecessor-version":[{"id":3021,"href":"https:\/\/www.uicbasilicata.it\/index.php?rest_route=\/wp\/v2\/posts\/2983\/revisions\/3021"}],"wp:featuredmedia":[{"embeddable":true,"href":"https:\/\/www.uicbasilicata.it\/index.php?rest_route=\/wp\/v2\/media\/2984"}],"wp:attachment":[{"href":"https:\/\/www.uicbasilicata.it\/index.php?rest_route=%2Fwp%2Fv2%2Fmedia&parent=2983"}],"wp:term":[{"taxonomy":"category","embeddable":true,"href":"https:\/\/www.uicbasilicata.it\/index.php?rest_route=%2Fwp%2Fv2%2Fcategories&post=2983"},{"taxonomy":"post_tag","embeddable":true,"href":"https:\/\/www.uicbasilicata.it\/index.php?rest_route=%2Fwp%2Fv2%2Ftags&post=2983"}],"curies":[{"name":"wp","href":"https:\/\/api.w.org\/{rel}","templated":true}]}}