{"id":2922,"date":"2024-08-23T10:08:38","date_gmt":"2024-08-23T10:08:38","guid":{"rendered":"https:\/\/www.uicbasilicata.it\/?p=2922"},"modified":"2024-08-23T10:16:03","modified_gmt":"2024-08-23T10:16:03","slug":"la-solidarieta-oltre-il-tempo","status":"publish","type":"post","link":"https:\/\/www.uicbasilicata.it\/?p=2922","title":{"rendered":"La solidariet\u00e0 oltre il tempo"},"content":{"rendered":"\n<p class=\"wp-block-paragraph\">Ci sono tanti modi per continuare a fare la differenza oltre il tempo che ci \u00e8 stato donato per la vita.  E&#8217; possibile continuare ad  intrecciare i fili del cambiamento, della riconoscenza e della generosit\u00e0. Si pu\u00f2 sognare ancora, affidando agli altri ci\u00f2 che non siamo riusciti a fare: incentivare la ricerca, prendersi cura delle persone, realizzare progetti e coltivare diritti. Possiamo realizzare tutto questo  solo se volgiamo il nostro sguardo lontano, oltre quel limite temporale della nostra vita per dare un senso ai valori della nostra esistenza. <br>E allora informati su come fare un lascito solidale nel tuo testamento e ricorda che la tua generosit\u00e0 non toglie nulla  ai tuoi eredi.<\/p>\n\n\n\n<div class=\"wp-block-file\"><a id=\"wp-block-file--media-d23f3c47-a4e7-403e-8ea2-d1511fe2609f\" href=\"https:\/\/www.uicbasilicata.it\/wp-content\/uploads\/2024\/08\/spot-uici-lasciti_ZXUtS0iY-1.mp4\">Video)<\/a><a href=\"https:\/\/www.uicbasilicata.it\/wp-content\/uploads\/2024\/08\/spot-uici-lasciti_ZXUtS0iY-1.mp4\" class=\"wp-block-file__button wp-element-button\" download aria-describedby=\"wp-block-file--media-d23f3c47-a4e7-403e-8ea2-d1511fe2609f\">Download<\/a><\/div>\n\n\n\n<div class=\"wp-block-file\"><a id=\"wp-block-file--media-58f732c8-dcb8-4fb2-a686-8ed82b027dec\" href=\"https:\/\/www.uicbasilicata.it\/wp-content\/uploads\/2024\/08\/Campagna-Lasciti.jpg\">Campagna Lasciti<\/a><a href=\"https:\/\/www.uicbasilicata.it\/wp-content\/uploads\/2024\/08\/Campagna-Lasciti.jpg\" class=\"wp-block-file__button wp-element-button\" download aria-describedby=\"wp-block-file--media-58f732c8-dcb8-4fb2-a686-8ed82b027dec\">Download<\/a><\/div>\n\n\n\n<div class=\"wp-block-file\"><a id=\"wp-block-file--media-34b705a4-0e19-495b-83a5-46ef921be9cc\" href=\"https:\/\/www.uicbasilicata.it\/wp-content\/uploads\/2024\/08\/Guida-ai-Lasciti_compressed.pdf\">Guida ai Lasciti<\/a><a href=\"https:\/\/www.uicbasilicata.it\/wp-content\/uploads\/2024\/08\/Guida-ai-Lasciti_compressed.pdf\" class=\"wp-block-file__button wp-element-button\" download aria-describedby=\"wp-block-file--media-34b705a4-0e19-495b-83a5-46ef921be9cc\">Download<\/a><\/div>\n","protected":false},"excerpt":{"rendered":"<p>Ci sono tanti modi per continuare a fare la differenza oltre il tempo che ci \u00e8 stato donato per la vita. E&#8217; possibile continuare ad intrecciare i fili del cambiamento, della riconoscenza e della generosit\u00e0. Si pu\u00f2 sognare ancora, affidando agli altri ci\u00f2 che non siamo riusciti a fare: incentivare la ricerca, prendersi cura delle [&hellip;]<\/p>\n","protected":false},"author":3,"featured_media":2928,"comment_status":"open","ping_status":"open","sticky":false,"template":"","format":"standard","meta":{"footnotes":""},"categories":[2],"tags":[],"class_list":["post-2922","post","type-post","status-publish","format-standard","has-post-thumbnail","hentry","category-news-eventi"],"yoast_head":"<!-- This site is optimized with the Yoast SEO plugin v28.3 - https:\/\/yoast.com\/product\/yoast-seo-wordpress\/ -->\n<title>La solidariet\u00e0 oltre il tempo | Uici Basilicata<\/title>\n<meta name=\"robots\" content=\"noindex, follow\" \/>\n<meta property=\"og:locale\" content=\"it_IT\" \/>\n<meta property=\"og:type\" content=\"article\" \/>\n<meta property=\"og:title\" content=\"La solidariet\u00e0 oltre il tempo | Uici Basilicata\" \/>\n<meta property=\"og:description\" content=\"Ci sono tanti modi per continuare a fare la differenza oltre il tempo che ci \u00e8 stato donato per la vita. E&#8217; possibile continuare ad intrecciare i fili del cambiamento, della riconoscenza e della generosit\u00e0. Si pu\u00f2 sognare ancora, affidando agli altri ci\u00f2 che non siamo riusciti a fare: incentivare la ricerca, prendersi cura delle [&hellip;]\" \/>\n<meta property=\"og:url\" content=\"https:\/\/www.uicbasilicata.it\/?p=2922\" \/>\n<meta property=\"og:site_name\" content=\"Uici Basilicata\" \/>\n<meta property=\"article:published_time\" content=\"2024-08-23T10:08:38+00:00\" \/>\n<meta property=\"article:modified_time\" content=\"2024-08-23T10:16:03+00:00\" \/>\n<meta property=\"og:image\" content=\"http:\/\/www.uicbasilicata.it\/wp-content\/uploads\/2024\/08\/Campagna-Lasciti.jpg\" \/>\n\t<meta property=\"og:image:width\" content=\"1024\" \/>\n\t<meta property=\"og:image:height\" content=\"1463\" \/>\n\t<meta property=\"og:image:type\" content=\"image\/jpeg\" \/>\n<meta name=\"author\" content=\"Uici Basilicata\" \/>\n<meta name=\"twitter:card\" content=\"summary_large_image\" \/>\n<meta name=\"twitter:label1\" content=\"Scritto da\" \/>\n\t<meta name=\"twitter:data1\" content=\"\" \/>\n\t<meta name=\"twitter:label2\" content=\"Tempo di lettura stimato\" \/>\n\t<meta name=\"twitter:data2\" content=\"1 minuto\" \/>\n<script type=\"application\/ld+json\" class=\"yoast-schema-graph\">{\"@context\":\"https:\\\/\\\/schema.org\",\"@graph\":[{\"@type\":\"Article\",\"@id\":\"https:\\\/\\\/www.uicbasilicata.it\\\/?p=2922#article\",\"isPartOf\":{\"@id\":\"https:\\\/\\\/www.uicbasilicata.it\\\/?p=2922\"},\"author\":{\"name\":\"Uici Basilicata\",\"@id\":\"https:\\\/\\\/www.uicbasilicata.it\\\/#\\\/schema\\\/person\\\/b61f8ef2c4559759074b29ee2356fa2f\"},\"headline\":\"La solidariet\u00e0 oltre il tempo\",\"datePublished\":\"2024-08-23T10:08:38+00:00\",\"dateModified\":\"2024-08-23T10:16:03+00:00\",\"mainEntityOfPage\":{\"@id\":\"https:\\\/\\\/www.uicbasilicata.it\\\/?p=2922\"},\"wordCount\":125,\"commentCount\":0,\"publisher\":{\"@id\":\"https:\\\/\\\/www.uicbasilicata.it\\\/#organization\"},\"image\":{\"@id\":\"https:\\\/\\\/www.uicbasilicata.it\\\/?p=2922#primaryimage\"},\"thumbnailUrl\":\"https:\\\/\\\/www.uicbasilicata.it\\\/wp-content\\\/uploads\\\/2024\\\/08\\\/Campagna-Lasciti.jpg\",\"articleSection\":[\"News &amp; Eventi\"],\"inLanguage\":\"it-IT\",\"potentialAction\":[{\"@type\":\"CommentAction\",\"name\":\"Comment\",\"target\":[\"https:\\\/\\\/www.uicbasilicata.it\\\/?p=2922#respond\"]}]},{\"@type\":\"WebPage\",\"@id\":\"https:\\\/\\\/www.uicbasilicata.it\\\/?p=2922\",\"url\":\"https:\\\/\\\/www.uicbasilicata.it\\\/?p=2922\",\"name\":\"La solidariet\u00e0 oltre il tempo | Uici Basilicata\",\"isPartOf\":{\"@id\":\"https:\\\/\\\/www.uicbasilicata.it\\\/#website\"},\"primaryImageOfPage\":{\"@id\":\"https:\\\/\\\/www.uicbasilicata.it\\\/?p=2922#primaryimage\"},\"image\":{\"@id\":\"https:\\\/\\\/www.uicbasilicata.it\\\/?p=2922#primaryimage\"},\"thumbnailUrl\":\"https:\\\/\\\/www.uicbasilicata.it\\\/wp-content\\\/uploads\\\/2024\\\/08\\\/Campagna-Lasciti.jpg\",\"datePublished\":\"2024-08-23T10:08:38+00:00\",\"dateModified\":\"2024-08-23T10:16:03+00:00\",\"breadcrumb\":{\"@id\":\"https:\\\/\\\/www.uicbasilicata.it\\\/?p=2922#breadcrumb\"},\"inLanguage\":\"it-IT\",\"potentialAction\":[{\"@type\":\"ReadAction\",\"target\":[\"https:\\\/\\\/www.uicbasilicata.it\\\/?p=2922\"]}]},{\"@type\":\"ImageObject\",\"inLanguage\":\"it-IT\",\"@id\":\"https:\\\/\\\/www.uicbasilicata.it\\\/?p=2922#primaryimage\",\"url\":\"https:\\\/\\\/www.uicbasilicata.it\\\/wp-content\\\/uploads\\\/2024\\\/08\\\/Campagna-Lasciti.jpg\",\"contentUrl\":\"https:\\\/\\\/www.uicbasilicata.it\\\/wp-content\\\/uploads\\\/2024\\\/08\\\/Campagna-Lasciti.jpg\",\"width\":1024,\"height\":1463},{\"@type\":\"BreadcrumbList\",\"@id\":\"https:\\\/\\\/www.uicbasilicata.it\\\/?p=2922#breadcrumb\",\"itemListElement\":[{\"@type\":\"ListItem\",\"position\":1,\"name\":\"Home\",\"item\":\"https:\\\/\\\/www.uicbasilicata.it\\\/\"},{\"@type\":\"ListItem\",\"position\":2,\"name\":\"La solidariet\u00e0 oltre il tempo\"}]},{\"@type\":\"WebSite\",\"@id\":\"https:\\\/\\\/www.uicbasilicata.it\\\/#website\",\"url\":\"https:\\\/\\\/www.uicbasilicata.it\\\/\",\"name\":\"Uici Basilicata\",\"description\":\"Unione Italiana Ciechi ed Ipovedenti\",\"publisher\":{\"@id\":\"https:\\\/\\\/www.uicbasilicata.it\\\/#organization\"},\"potentialAction\":[{\"@type\":\"SearchAction\",\"target\":{\"@type\":\"EntryPoint\",\"urlTemplate\":\"https:\\\/\\\/www.uicbasilicata.it\\\/?s={search_term_string}\"},\"query-input\":{\"@type\":\"PropertyValueSpecification\",\"valueRequired\":true,\"valueName\":\"search_term_string\"}}],\"inLanguage\":\"it-IT\"},{\"@type\":\"Organization\",\"@id\":\"https:\\\/\\\/www.uicbasilicata.it\\\/#organization\",\"name\":\"UICI Basilicata\",\"url\":\"https:\\\/\\\/www.uicbasilicata.it\\\/\",\"logo\":{\"@type\":\"ImageObject\",\"inLanguage\":\"it-IT\",\"@id\":\"https:\\\/\\\/www.uicbasilicata.it\\\/#\\\/schema\\\/logo\\\/image\\\/\",\"url\":\"http:\\\/\\\/www.uicbasilicata.it\\\/wp-content\\\/uploads\\\/2020\\\/12\\\/cropped-Logo-Definitivo.png\",\"contentUrl\":\"http:\\\/\\\/www.uicbasilicata.it\\\/wp-content\\\/uploads\\\/2020\\\/12\\\/cropped-Logo-Definitivo.png\",\"width\":6300,\"height\":2972,\"caption\":\"UICI Basilicata\"},\"image\":{\"@id\":\"https:\\\/\\\/www.uicbasilicata.it\\\/#\\\/schema\\\/logo\\\/image\\\/\"},\"sameAs\":[\"https:\\\/\\\/www.instagram.com\\\/uicibasilicata\\\/?hl=it\"]},{\"@type\":\"Person\",\"@id\":\"https:\\\/\\\/www.uicbasilicata.it\\\/#\\\/schema\\\/person\\\/b61f8ef2c4559759074b29ee2356fa2f\",\"name\":\"Uici Basilicata\",\"image\":{\"@type\":\"ImageObject\",\"inLanguage\":\"it-IT\",\"@id\":\"https:\\\/\\\/secure.gravatar.com\\\/avatar\\\/7117452ed271e5ea741dd167d52ee58fa4664d6761036557a023fb86a3c98f99?s=96&d=mm&r=g\",\"url\":\"https:\\\/\\\/secure.gravatar.com\\\/avatar\\\/7117452ed271e5ea741dd167d52ee58fa4664d6761036557a023fb86a3c98f99?s=96&d=mm&r=g\",\"contentUrl\":\"https:\\\/\\\/secure.gravatar.com\\\/avatar\\\/7117452ed271e5ea741dd167d52ee58fa4664d6761036557a023fb86a3c98f99?s=96&d=mm&r=g\",\"caption\":\"Uici Basilicata\"},\"url\":\"https:\\\/\\\/www.uicbasilicata.it\\\/?author=3\"}]}<\/script>\n<!-- \/ Yoast SEO plugin. -->","yoast_head_json":{"title":"La solidariet\u00e0 oltre il tempo | Uici Basilicata","robots":{"index":"noindex","follow":"follow"},"og_locale":"it_IT","og_type":"article","og_title":"La solidariet\u00e0 oltre il tempo | Uici Basilicata","og_description":"Ci sono tanti modi per continuare a fare la differenza oltre il tempo che ci \u00e8 stato donato per la vita. E&#8217; possibile continuare ad intrecciare i fili del cambiamento, della riconoscenza e della generosit\u00e0. Si pu\u00f2 sognare ancora, affidando agli altri ci\u00f2 che non siamo riusciti a fare: incentivare la ricerca, prendersi cura delle [&hellip;]","og_url":"https:\/\/www.uicbasilicata.it\/?p=2922","og_site_name":"Uici Basilicata","article_published_time":"2024-08-23T10:08:38+00:00","article_modified_time":"2024-08-23T10:16:03+00:00","og_image":[{"width":1024,"height":1463,"url":"http:\/\/www.uicbasilicata.it\/wp-content\/uploads\/2024\/08\/Campagna-Lasciti.jpg","type":"image\/jpeg"}],"author":"Uici Basilicata","twitter_card":"summary_large_image","twitter_misc":{"Scritto da":false,"Tempo di lettura stimato":"1 minuto"},"schema":{"@context":"https:\/\/schema.org","@graph":[{"@type":"Article","@id":"https:\/\/www.uicbasilicata.it\/?p=2922#article","isPartOf":{"@id":"https:\/\/www.uicbasilicata.it\/?p=2922"},"author":{"name":"Uici Basilicata","@id":"https:\/\/www.uicbasilicata.it\/#\/schema\/person\/b61f8ef2c4559759074b29ee2356fa2f"},"headline":"La solidariet\u00e0 oltre il tempo","datePublished":"2024-08-23T10:08:38+00:00","dateModified":"2024-08-23T10:16:03+00:00","mainEntityOfPage":{"@id":"https:\/\/www.uicbasilicata.it\/?p=2922"},"wordCount":125,"commentCount":0,"publisher":{"@id":"https:\/\/www.uicbasilicata.it\/#organization"},"image":{"@id":"https:\/\/www.uicbasilicata.it\/?p=2922#primaryimage"},"thumbnailUrl":"https:\/\/www.uicbasilicata.it\/wp-content\/uploads\/2024\/08\/Campagna-Lasciti.jpg","articleSection":["News &amp; Eventi"],"inLanguage":"it-IT","potentialAction":[{"@type":"CommentAction","name":"Comment","target":["https:\/\/www.uicbasilicata.it\/?p=2922#respond"]}]},{"@type":"WebPage","@id":"https:\/\/www.uicbasilicata.it\/?p=2922","url":"https:\/\/www.uicbasilicata.it\/?p=2922","name":"La solidariet\u00e0 oltre il tempo | Uici Basilicata","isPartOf":{"@id":"https:\/\/www.uicbasilicata.it\/#website"},"primaryImageOfPage":{"@id":"https:\/\/www.uicbasilicata.it\/?p=2922#primaryimage"},"image":{"@id":"https:\/\/www.uicbasilicata.it\/?p=2922#primaryimage"},"thumbnailUrl":"https:\/\/www.uicbasilicata.it\/wp-content\/uploads\/2024\/08\/Campagna-Lasciti.jpg","datePublished":"2024-08-23T10:08:38+00:00","dateModified":"2024-08-23T10:16:03+00:00","breadcrumb":{"@id":"https:\/\/www.uicbasilicata.it\/?p=2922#breadcrumb"},"inLanguage":"it-IT","potentialAction":[{"@type":"ReadAction","target":["https:\/\/www.uicbasilicata.it\/?p=2922"]}]},{"@type":"ImageObject","inLanguage":"it-IT","@id":"https:\/\/www.uicbasilicata.it\/?p=2922#primaryimage","url":"https:\/\/www.uicbasilicata.it\/wp-content\/uploads\/2024\/08\/Campagna-Lasciti.jpg","contentUrl":"https:\/\/www.uicbasilicata.it\/wp-content\/uploads\/2024\/08\/Campagna-Lasciti.jpg","width":1024,"height":1463},{"@type":"BreadcrumbList","@id":"https:\/\/www.uicbasilicata.it\/?p=2922#breadcrumb","itemListElement":[{"@type":"ListItem","position":1,"name":"Home","item":"https:\/\/www.uicbasilicata.it\/"},{"@type":"ListItem","position":2,"name":"La solidariet\u00e0 oltre il tempo"}]},{"@type":"WebSite","@id":"https:\/\/www.uicbasilicata.it\/#website","url":"https:\/\/www.uicbasilicata.it\/","name":"Uici Basilicata","description":"Unione Italiana Ciechi ed Ipovedenti","publisher":{"@id":"https:\/\/www.uicbasilicata.it\/#organization"},"potentialAction":[{"@type":"SearchAction","target":{"@type":"EntryPoint","urlTemplate":"https:\/\/www.uicbasilicata.it\/?s={search_term_string}"},"query-input":{"@type":"PropertyValueSpecification","valueRequired":true,"valueName":"search_term_string"}}],"inLanguage":"it-IT"},{"@type":"Organization","@id":"https:\/\/www.uicbasilicata.it\/#organization","name":"UICI Basilicata","url":"https:\/\/www.uicbasilicata.it\/","logo":{"@type":"ImageObject","inLanguage":"it-IT","@id":"https:\/\/www.uicbasilicata.it\/#\/schema\/logo\/image\/","url":"http:\/\/www.uicbasilicata.it\/wp-content\/uploads\/2020\/12\/cropped-Logo-Definitivo.png","contentUrl":"http:\/\/www.uicbasilicata.it\/wp-content\/uploads\/2020\/12\/cropped-Logo-Definitivo.png","width":6300,"height":2972,"caption":"UICI Basilicata"},"image":{"@id":"https:\/\/www.uicbasilicata.it\/#\/schema\/logo\/image\/"},"sameAs":["https:\/\/www.instagram.com\/uicibasilicata\/?hl=it"]},{"@type":"Person","@id":"https:\/\/www.uicbasilicata.it\/#\/schema\/person\/b61f8ef2c4559759074b29ee2356fa2f","name":"Uici Basilicata","image":{"@type":"ImageObject","inLanguage":"it-IT","@id":"https:\/\/secure.gravatar.com\/avatar\/7117452ed271e5ea741dd167d52ee58fa4664d6761036557a023fb86a3c98f99?s=96&d=mm&r=g","url":"https:\/\/secure.gravatar.com\/avatar\/7117452ed271e5ea741dd167d52ee58fa4664d6761036557a023fb86a3c98f99?s=96&d=mm&r=g","contentUrl":"https:\/\/secure.gravatar.com\/avatar\/7117452ed271e5ea741dd167d52ee58fa4664d6761036557a023fb86a3c98f99?s=96&d=mm&r=g","caption":"Uici Basilicata"},"url":"https:\/\/www.uicbasilicata.it\/?author=3"}]}},"_links":{"self":[{"href":"https:\/\/www.uicbasilicata.it\/index.php?rest_route=\/wp\/v2\/posts\/2922","targetHints":{"allow":["GET"]}}],"collection":[{"href":"https:\/\/www.uicbasilicata.it\/index.php?rest_route=\/wp\/v2\/posts"}],"about":[{"href":"https:\/\/www.uicbasilicata.it\/index.php?rest_route=\/wp\/v2\/types\/post"}],"author":[{"embeddable":true,"href":"https:\/\/www.uicbasilicata.it\/index.php?rest_route=\/wp\/v2\/users\/3"}],"replies":[{"embeddable":true,"href":"https:\/\/www.uicbasilicata.it\/index.php?rest_route=%2Fwp%2Fv2%2Fcomments&post=2922"}],"version-history":[{"count":2,"href":"https:\/\/www.uicbasilicata.it\/index.php?rest_route=\/wp\/v2\/posts\/2922\/revisions"}],"predecessor-version":[{"id":2929,"href":"https:\/\/www.uicbasilicata.it\/index.php?rest_route=\/wp\/v2\/posts\/2922\/revisions\/2929"}],"wp:featuredmedia":[{"embeddable":true,"href":"https:\/\/www.uicbasilicata.it\/index.php?rest_route=\/wp\/v2\/media\/2928"}],"wp:attachment":[{"href":"https:\/\/www.uicbasilicata.it\/index.php?rest_route=%2Fwp%2Fv2%2Fmedia&parent=2922"}],"wp:term":[{"taxonomy":"category","embeddable":true,"href":"https:\/\/www.uicbasilicata.it\/index.php?rest_route=%2Fwp%2Fv2%2Fcategories&post=2922"},{"taxonomy":"post_tag","embeddable":true,"href":"https:\/\/www.uicbasilicata.it\/index.php?rest_route=%2Fwp%2Fv2%2Ftags&post=2922"}],"curies":[{"name":"wp","href":"https:\/\/api.w.org\/{rel}","templated":true}]}}