{"id":2837,"date":"2024-07-30T16:53:05","date_gmt":"2024-07-30T16:53:05","guid":{"rendered":"https:\/\/www.uicbasilicata.it\/?p=2837"},"modified":"2024-09-05T14:29:57","modified_gmt":"2024-09-05T14:29:57","slug":"report-la-prevenzione-non-va-in-vacanza-2024","status":"publish","type":"post","link":"https:\/\/www.uicbasilicata.it\/?p=2837","title":{"rendered":"Report La prevenzione non va in vacanza &#8211; 2024"},"content":{"rendered":"\n<p class=\"wp-block-paragraph\">Si \u00e8 conclusa domenia 28 luglio l&#8217;edizione 2024 de &nbsp;&#8220;La Prevenzione non va in vacanza 2024&#8221; realizzata nei comuni di Sant\u2019Angelo le Fratte dove sono state visitate 104 persone con una percentuale di positivi con sospetta maculopatia e\/o glaucoma del 15-20% e nel Comune di Muro Lucano dove sono state visitate 83 persone, il 65% nella fascia 50\/70 anni.&nbsp; Di queste ultime:  3 hanno mostrato di avere discromatopsia (rosso &#8211; verde), altri si sono rivelati pseudofachici.&nbsp; Ad alcuni \u00e8 stato consigliato l&#8217;OCT come esame di approfondimento per sospetta maculopatia.  Entrambe le giornate di prevenzione  sono state percepite come un&#8217;opportunit\u00e0 da cogliere al di l\u00e0 del riferimento dei presidi sanitari locali.&nbsp; Ricordiamo che gli screening non prevedono la &#8220;misurazione della vista&#8221; e la conseguente prescrizione di lenti e invitiamo i cittadini a seguirci ed attenzionare le prossime campagne.<\/p>\n\n\n\n<p class=\"wp-block-paragraph\"><strong>Report stampa<\/strong><br><a href=\"https:\/\/www.potenzanews.net\/potenza-in-provincia-visite-gratuite-agli-occhi-i-dettagli\/\">Potenza news<\/a><br><a href=\"https:\/\/www.lecronachelucane.it\/2024\/07\/27\/screening-oculistici-a-santangelo-e-muro-l\/\">Cronache lucane<\/a><br><a href=\"https:\/\/www.facebook.com\/share\/p\/eaT79xUPGH2gSrpZ\/\">FB Galdino Zaccardo<\/a><\/p>\n\n\n\n<p class=\"wp-block-paragraph\"><strong>Le borracce della prevenzione<\/strong><\/p>\n\n\n\n<figure class=\"wp-block-image alignleft size-full is-resized\"><img fetchpriority=\"high\" decoding=\"async\" width=\"576\" height=\"1024\" src=\"https:\/\/www.uicbasilicata.it\/wp-content\/uploads\/2024\/08\/image.png\" alt=\"\" class=\"wp-image-2902\" style=\"width:176px;height:auto\" srcset=\"https:\/\/www.uicbasilicata.it\/wp-content\/uploads\/2024\/08\/image.png 576w, https:\/\/www.uicbasilicata.it\/wp-content\/uploads\/2024\/08\/image-169x300.png 169w\" sizes=\"(max-width: 576px) 100vw, 576px\" \/><\/figure>\n\n\n\n<p class=\"wp-block-paragraph\">Gadget della campagna \u00e8 stata la borraccia termica di colore bianco con la stampa dei comportamenti salutari da osservare soprattutto nel periodo estivo per la salvaguardia degli occhi.<br>I messaggi sono stati riprodotti anche in Comunicazione Aumentativa Alternativa (CAA) a beneficio delle persone con disturbi linguistici e cognitivi, grazie alla consolidata collaborazione con l&#8217;associazione Lucana Autismo di Potenza (ALA).<br>Abbiamo scelto di realizzare questa modalit\u00e0 comunicativa totalmente accessibile a tutti proprio per far arrivare ovunque il messaggio della campagna poich\u00e8 &#8220;La prevenzione \u00e8 un diritto di tutti.&#8221; Siamo certi, infatti, che i simboli e le immagini in CAA favoriscono l&#8217;interesse e la curiosit\u00e0 di chi ha tra le mani la borraccia.<\/p>\n\n\n\n<div class=\"wp-block-group is-layout-constrained wp-block-group-is-layout-constrained\">\n<div class=\"wp-block-columns is-layout-flex wp-container-core-columns-is-layout-7387b849 wp-block-columns-is-layout-flex\">\n<div class=\"wp-block-column is-layout-flow wp-block-column-is-layout-flow\" style=\"flex-basis:100%\">\n<div class=\"wp-block-columns is-layout-flex wp-container-core-columns-is-layout-7387b849 wp-block-columns-is-layout-flex\">\n<div class=\"wp-block-column is-layout-flow wp-block-column-is-layout-flow\"><\/div>\n<\/div>\n\n\n\n<p class=\"wp-block-paragraph\">&#8220;<strong>Colori in vista&#8221; a cura dello Chef Narrante direttamente da RAI 1<\/strong><\/p>\n\n\n\n<p class=\"wp-block-paragraph\">Particolarmente entusiasmante \u00e8 stata la performance di Emilio Pompeo che unitamente al suo staff ci ha inebriato di sapori e odori della nostra cultura mediterranea. Ci ha insegnato ad esaltare gli ortaggi e le verdure e con pochi euro, a preparare piatti gustosi che conservano le propriet\u00e0 organolettiche e che facciano bene alla salute e agli occhi, naturalmente.<\/p>\n<\/div>\n<\/div>\n\n\n\n<p class=\"wp-block-paragraph\"><\/p>\n<\/div>\n\n\n\n<figure class=\"wp-block-gallery has-nested-images columns-default is-cropped wp-block-gallery-1 is-layout-flex wp-block-gallery-is-layout-flex\">\n<figure class=\"wp-block-image size-large\"><img decoding=\"async\" width=\"1024\" height=\"768\" data-id=\"2861\" src=\"https:\/\/www.uicbasilicata.it\/wp-content\/uploads\/2024\/07\/image.png\" alt=\"\" class=\"wp-image-2861\" srcset=\"https:\/\/www.uicbasilicata.it\/wp-content\/uploads\/2024\/07\/image.png 1024w, https:\/\/www.uicbasilicata.it\/wp-content\/uploads\/2024\/07\/image-300x225.png 300w, https:\/\/www.uicbasilicata.it\/wp-content\/uploads\/2024\/07\/image-768x576.png 768w\" sizes=\"(max-width: 1024px) 100vw, 1024px\" \/><\/figure>\n\n\n\n<figure class=\"wp-block-image size-large\"><img decoding=\"async\" width=\"1024\" height=\"768\" data-id=\"2911\" src=\"https:\/\/www.uicbasilicata.it\/wp-content\/uploads\/2024\/07\/6-1-1024x768.jpg\" alt=\"\" class=\"wp-image-2911\" srcset=\"https:\/\/www.uicbasilicata.it\/wp-content\/uploads\/2024\/07\/6-1-1024x768.jpg 1024w, https:\/\/www.uicbasilicata.it\/wp-content\/uploads\/2024\/07\/6-1-300x225.jpg 300w, https:\/\/www.uicbasilicata.it\/wp-content\/uploads\/2024\/07\/6-1-768x576.jpg 768w, https:\/\/www.uicbasilicata.it\/wp-content\/uploads\/2024\/07\/6-1.jpg 1448w\" sizes=\"(max-width: 1024px) 100vw, 1024px\" \/><\/figure>\n\n\n\n<figure class=\"wp-block-image size-large\"><img loading=\"lazy\" decoding=\"async\" width=\"1024\" height=\"768\" data-id=\"2912\" src=\"https:\/\/www.uicbasilicata.it\/wp-content\/uploads\/2024\/07\/7-1-1024x768.jpg\" alt=\"\" class=\"wp-image-2912\" srcset=\"https:\/\/www.uicbasilicata.it\/wp-content\/uploads\/2024\/07\/7-1-1024x768.jpg 1024w, https:\/\/www.uicbasilicata.it\/wp-content\/uploads\/2024\/07\/7-1-300x225.jpg 300w, https:\/\/www.uicbasilicata.it\/wp-content\/uploads\/2024\/07\/7-1-768x576.jpg 768w, https:\/\/www.uicbasilicata.it\/wp-content\/uploads\/2024\/07\/7-1.jpg 1448w\" sizes=\"(max-width: 1024px) 100vw, 1024px\" \/><\/figure>\n\n\n\n<figure class=\"wp-block-image size-large\"><img loading=\"lazy\" decoding=\"async\" width=\"1024\" height=\"768\" data-id=\"2909\" src=\"https:\/\/www.uicbasilicata.it\/wp-content\/uploads\/2024\/07\/4-1024x768.jpg\" alt=\"\" class=\"wp-image-2909\" srcset=\"https:\/\/www.uicbasilicata.it\/wp-content\/uploads\/2024\/07\/4-1024x768.jpg 1024w, https:\/\/www.uicbasilicata.it\/wp-content\/uploads\/2024\/07\/4-300x225.jpg 300w, https:\/\/www.uicbasilicata.it\/wp-content\/uploads\/2024\/07\/4-768x576.jpg 768w, https:\/\/www.uicbasilicata.it\/wp-content\/uploads\/2024\/07\/4.jpg 1448w\" sizes=\"(max-width: 1024px) 100vw, 1024px\" \/><\/figure>\n\n\n\n<figure class=\"wp-block-image size-large\"><img loading=\"lazy\" decoding=\"async\" width=\"1024\" height=\"768\" data-id=\"2910\" src=\"https:\/\/www.uicbasilicata.it\/wp-content\/uploads\/2024\/07\/5-1-1024x768.jpg\" alt=\"\" class=\"wp-image-2910\" srcset=\"https:\/\/www.uicbasilicata.it\/wp-content\/uploads\/2024\/07\/5-1-1024x768.jpg 1024w, https:\/\/www.uicbasilicata.it\/wp-content\/uploads\/2024\/07\/5-1-300x225.jpg 300w, https:\/\/www.uicbasilicata.it\/wp-content\/uploads\/2024\/07\/5-1-768x576.jpg 768w, https:\/\/www.uicbasilicata.it\/wp-content\/uploads\/2024\/07\/5-1.jpg 1448w\" sizes=\"(max-width: 1024px) 100vw, 1024px\" \/><\/figure>\n\n\n\n<figure class=\"wp-block-image size-large\"><img loading=\"lazy\" decoding=\"async\" width=\"1024\" height=\"768\" data-id=\"2907\" src=\"https:\/\/www.uicbasilicata.it\/wp-content\/uploads\/2024\/07\/2-1-1024x768.jpg\" alt=\"\" class=\"wp-image-2907\" srcset=\"https:\/\/www.uicbasilicata.it\/wp-content\/uploads\/2024\/07\/2-1-1024x768.jpg 1024w, https:\/\/www.uicbasilicata.it\/wp-content\/uploads\/2024\/07\/2-1-300x225.jpg 300w, https:\/\/www.uicbasilicata.it\/wp-content\/uploads\/2024\/07\/2-1-768x576.jpg 768w, https:\/\/www.uicbasilicata.it\/wp-content\/uploads\/2024\/07\/2-1.jpg 1448w\" sizes=\"(max-width: 1024px) 100vw, 1024px\" \/><\/figure>\n\n\n\n<figure class=\"wp-block-image size-large\"><img loading=\"lazy\" decoding=\"async\" width=\"1024\" height=\"768\" data-id=\"2908\" src=\"https:\/\/www.uicbasilicata.it\/wp-content\/uploads\/2024\/07\/3-1-1024x768.jpg\" alt=\"\" class=\"wp-image-2908\" srcset=\"https:\/\/www.uicbasilicata.it\/wp-content\/uploads\/2024\/07\/3-1-1024x768.jpg 1024w, https:\/\/www.uicbasilicata.it\/wp-content\/uploads\/2024\/07\/3-1-300x225.jpg 300w, https:\/\/www.uicbasilicata.it\/wp-content\/uploads\/2024\/07\/3-1-768x576.jpg 768w, https:\/\/www.uicbasilicata.it\/wp-content\/uploads\/2024\/07\/3-1.jpg 1448w\" sizes=\"(max-width: 1024px) 100vw, 1024px\" \/><\/figure>\n\n\n\n<figure class=\"wp-block-image size-large\"><img loading=\"lazy\" decoding=\"async\" width=\"1024\" height=\"768\" data-id=\"2906\" src=\"https:\/\/www.uicbasilicata.it\/wp-content\/uploads\/2024\/07\/1-1-1024x768.jpg\" alt=\"\" class=\"wp-image-2906\" srcset=\"https:\/\/www.uicbasilicata.it\/wp-content\/uploads\/2024\/07\/1-1-1024x768.jpg 1024w, https:\/\/www.uicbasilicata.it\/wp-content\/uploads\/2024\/07\/1-1-300x225.jpg 300w, https:\/\/www.uicbasilicata.it\/wp-content\/uploads\/2024\/07\/1-1-768x576.jpg 768w, https:\/\/www.uicbasilicata.it\/wp-content\/uploads\/2024\/07\/1-1.jpg 1448w\" sizes=\"(max-width: 1024px) 100vw, 1024px\" \/><\/figure>\n<\/figure>\n\n\n\n<p class=\"wp-block-paragraph\"><strong>Galleria fotografica<\/strong> <strong>Sant&#8217;Angelo le Fratte<\/strong><\/p>\n\n\n\n<figure class=\"wp-block-gallery has-nested-images columns-default is-cropped wp-block-gallery-2 is-layout-flex wp-block-gallery-is-layout-flex\">\n<figure class=\"wp-block-image size-large\"><img loading=\"lazy\" decoding=\"async\" width=\"1024\" height=\"576\" data-id=\"2895\" src=\"https:\/\/www.uicbasilicata.it\/wp-content\/uploads\/2024\/08\/20240727_104034-1-1024x576.jpg\" alt=\"\" class=\"wp-image-2895\" srcset=\"https:\/\/www.uicbasilicata.it\/wp-content\/uploads\/2024\/08\/20240727_104034-1-1024x576.jpg 1024w, https:\/\/www.uicbasilicata.it\/wp-content\/uploads\/2024\/08\/20240727_104034-1-300x169.jpg 300w, https:\/\/www.uicbasilicata.it\/wp-content\/uploads\/2024\/08\/20240727_104034-1-768x432.jpg 768w, https:\/\/www.uicbasilicata.it\/wp-content\/uploads\/2024\/08\/20240727_104034-1.jpg 1416w\" sizes=\"(max-width: 1024px) 100vw, 1024px\" \/><figcaption class=\"wp-element-caption\">@<\/figcaption><\/figure>\n\n\n\n<figure class=\"wp-block-image size-large\"><img loading=\"lazy\" decoding=\"async\" width=\"1024\" height=\"576\" data-id=\"2886\" src=\"https:\/\/www.uicbasilicata.it\/wp-content\/uploads\/2024\/08\/20240727_104508-1-1024x576.jpg\" alt=\"\" class=\"wp-image-2886\" srcset=\"https:\/\/www.uicbasilicata.it\/wp-content\/uploads\/2024\/08\/20240727_104508-1-1024x576.jpg 1024w, https:\/\/www.uicbasilicata.it\/wp-content\/uploads\/2024\/08\/20240727_104508-1-300x169.jpg 300w, https:\/\/www.uicbasilicata.it\/wp-content\/uploads\/2024\/08\/20240727_104508-1-768x432.jpg 768w, https:\/\/www.uicbasilicata.it\/wp-content\/uploads\/2024\/08\/20240727_104508-1.jpg 1416w\" sizes=\"(max-width: 1024px) 100vw, 1024px\" \/><figcaption class=\"wp-element-caption\">@<\/figcaption><\/figure>\n\n\n\n<figure class=\"wp-block-image size-large\"><img loading=\"lazy\" decoding=\"async\" width=\"1024\" height=\"576\" data-id=\"2887\" src=\"https:\/\/www.uicbasilicata.it\/wp-content\/uploads\/2024\/08\/20240727_104524-1-1024x576.jpg\" alt=\"\" class=\"wp-image-2887\" srcset=\"https:\/\/www.uicbasilicata.it\/wp-content\/uploads\/2024\/08\/20240727_104524-1-1024x576.jpg 1024w, https:\/\/www.uicbasilicata.it\/wp-content\/uploads\/2024\/08\/20240727_104524-1-300x169.jpg 300w, https:\/\/www.uicbasilicata.it\/wp-content\/uploads\/2024\/08\/20240727_104524-1-768x432.jpg 768w, https:\/\/www.uicbasilicata.it\/wp-content\/uploads\/2024\/08\/20240727_104524-1.jpg 1416w\" sizes=\"(max-width: 1024px) 100vw, 1024px\" \/><figcaption class=\"wp-element-caption\">@<\/figcaption><\/figure>\n\n\n\n<figure class=\"wp-block-image size-large\"><img loading=\"lazy\" decoding=\"async\" width=\"1024\" height=\"576\" data-id=\"2891\" src=\"https:\/\/www.uicbasilicata.it\/wp-content\/uploads\/2024\/08\/20240727_104808-1-1024x576.jpg\" alt=\"\" class=\"wp-image-2891\" srcset=\"https:\/\/www.uicbasilicata.it\/wp-content\/uploads\/2024\/08\/20240727_104808-1-1024x576.jpg 1024w, https:\/\/www.uicbasilicata.it\/wp-content\/uploads\/2024\/08\/20240727_104808-1-300x169.jpg 300w, https:\/\/www.uicbasilicata.it\/wp-content\/uploads\/2024\/08\/20240727_104808-1-768x432.jpg 768w, https:\/\/www.uicbasilicata.it\/wp-content\/uploads\/2024\/08\/20240727_104808-1.jpg 1416w\" sizes=\"(max-width: 1024px) 100vw, 1024px\" \/><figcaption class=\"wp-element-caption\">@<\/figcaption><\/figure>\n\n\n\n<figure class=\"wp-block-image size-large\"><img loading=\"lazy\" decoding=\"async\" width=\"1024\" height=\"576\" data-id=\"2893\" src=\"https:\/\/www.uicbasilicata.it\/wp-content\/uploads\/2024\/08\/20240727_105349-1-1024x576.jpg\" alt=\"\" class=\"wp-image-2893\" srcset=\"https:\/\/www.uicbasilicata.it\/wp-content\/uploads\/2024\/08\/20240727_105349-1-1024x576.jpg 1024w, https:\/\/www.uicbasilicata.it\/wp-content\/uploads\/2024\/08\/20240727_105349-1-300x169.jpg 300w, https:\/\/www.uicbasilicata.it\/wp-content\/uploads\/2024\/08\/20240727_105349-1-768x432.jpg 768w, https:\/\/www.uicbasilicata.it\/wp-content\/uploads\/2024\/08\/20240727_105349-1.jpg 1416w\" sizes=\"(max-width: 1024px) 100vw, 1024px\" \/><figcaption class=\"wp-element-caption\">@<\/figcaption><\/figure>\n\n\n\n<figure class=\"wp-block-image size-large\"><img loading=\"lazy\" decoding=\"async\" width=\"1024\" height=\"576\" data-id=\"2894\" src=\"https:\/\/www.uicbasilicata.it\/wp-content\/uploads\/2024\/08\/20240727_110516-1-1024x576.jpg\" alt=\"\" class=\"wp-image-2894\" srcset=\"https:\/\/www.uicbasilicata.it\/wp-content\/uploads\/2024\/08\/20240727_110516-1-1024x576.jpg 1024w, https:\/\/www.uicbasilicata.it\/wp-content\/uploads\/2024\/08\/20240727_110516-1-300x169.jpg 300w, https:\/\/www.uicbasilicata.it\/wp-content\/uploads\/2024\/08\/20240727_110516-1-768x432.jpg 768w, https:\/\/www.uicbasilicata.it\/wp-content\/uploads\/2024\/08\/20240727_110516-1.jpg 1416w\" sizes=\"(max-width: 1024px) 100vw, 1024px\" \/><figcaption class=\"wp-element-caption\">@<\/figcaption><\/figure>\n\n\n\n<figure class=\"wp-block-image size-large\"><img loading=\"lazy\" decoding=\"async\" width=\"1024\" height=\"576\" data-id=\"2889\" src=\"https:\/\/www.uicbasilicata.it\/wp-content\/uploads\/2024\/08\/20240727_110759-1-1024x576.jpg\" alt=\"\" class=\"wp-image-2889\" srcset=\"https:\/\/www.uicbasilicata.it\/wp-content\/uploads\/2024\/08\/20240727_110759-1-1024x576.jpg 1024w, https:\/\/www.uicbasilicata.it\/wp-content\/uploads\/2024\/08\/20240727_110759-1-300x169.jpg 300w, https:\/\/www.uicbasilicata.it\/wp-content\/uploads\/2024\/08\/20240727_110759-1-768x432.jpg 768w, https:\/\/www.uicbasilicata.it\/wp-content\/uploads\/2024\/08\/20240727_110759-1.jpg 1416w\" sizes=\"(max-width: 1024px) 100vw, 1024px\" \/><figcaption class=\"wp-element-caption\">@<\/figcaption><\/figure>\n\n\n\n<figure class=\"wp-block-image size-large\"><img loading=\"lazy\" decoding=\"async\" width=\"1024\" height=\"576\" data-id=\"2885\" src=\"https:\/\/www.uicbasilicata.it\/wp-content\/uploads\/2024\/08\/20240727_114049-1-1024x576.jpg\" alt=\"\" class=\"wp-image-2885\" srcset=\"https:\/\/www.uicbasilicata.it\/wp-content\/uploads\/2024\/08\/20240727_114049-1-1024x576.jpg 1024w, https:\/\/www.uicbasilicata.it\/wp-content\/uploads\/2024\/08\/20240727_114049-1-300x169.jpg 300w, https:\/\/www.uicbasilicata.it\/wp-content\/uploads\/2024\/08\/20240727_114049-1-768x432.jpg 768w, https:\/\/www.uicbasilicata.it\/wp-content\/uploads\/2024\/08\/20240727_114049-1.jpg 1416w\" sizes=\"(max-width: 1024px) 100vw, 1024px\" \/><figcaption class=\"wp-element-caption\">@<\/figcaption><\/figure>\n\n\n\n<figure class=\"wp-block-image size-large\"><img loading=\"lazy\" decoding=\"async\" width=\"1024\" height=\"576\" data-id=\"2883\" src=\"https:\/\/www.uicbasilicata.it\/wp-content\/uploads\/2024\/08\/20240727_120432-1-1024x576.jpg\" alt=\"\" class=\"wp-image-2883\" srcset=\"https:\/\/www.uicbasilicata.it\/wp-content\/uploads\/2024\/08\/20240727_120432-1-1024x576.jpg 1024w, https:\/\/www.uicbasilicata.it\/wp-content\/uploads\/2024\/08\/20240727_120432-1-300x169.jpg 300w, https:\/\/www.uicbasilicata.it\/wp-content\/uploads\/2024\/08\/20240727_120432-1-768x432.jpg 768w, https:\/\/www.uicbasilicata.it\/wp-content\/uploads\/2024\/08\/20240727_120432-1.jpg 1416w\" sizes=\"(max-width: 1024px) 100vw, 1024px\" \/><figcaption class=\"wp-element-caption\">@<\/figcaption><\/figure>\n\n\n\n<figure class=\"wp-block-image size-large\"><img loading=\"lazy\" decoding=\"async\" width=\"1024\" height=\"576\" data-id=\"2892\" src=\"https:\/\/www.uicbasilicata.it\/wp-content\/uploads\/2024\/08\/20240727_160505-1-1024x576.jpg\" alt=\"\" class=\"wp-image-2892\" srcset=\"https:\/\/www.uicbasilicata.it\/wp-content\/uploads\/2024\/08\/20240727_160505-1-1024x576.jpg 1024w, https:\/\/www.uicbasilicata.it\/wp-content\/uploads\/2024\/08\/20240727_160505-1-300x169.jpg 300w, https:\/\/www.uicbasilicata.it\/wp-content\/uploads\/2024\/08\/20240727_160505-1-768x432.jpg 768w, https:\/\/www.uicbasilicata.it\/wp-content\/uploads\/2024\/08\/20240727_160505-1.jpg 1416w\" sizes=\"(max-width: 1024px) 100vw, 1024px\" \/><figcaption class=\"wp-element-caption\">@<\/figcaption><\/figure>\n\n\n\n<figure class=\"wp-block-image size-large\"><img loading=\"lazy\" decoding=\"async\" width=\"1024\" height=\"576\" data-id=\"2884\" src=\"https:\/\/www.uicbasilicata.it\/wp-content\/uploads\/2024\/08\/20240727_161406-1-1024x576.jpg\" alt=\"\" class=\"wp-image-2884\" srcset=\"https:\/\/www.uicbasilicata.it\/wp-content\/uploads\/2024\/08\/20240727_161406-1-1024x576.jpg 1024w, https:\/\/www.uicbasilicata.it\/wp-content\/uploads\/2024\/08\/20240727_161406-1-300x169.jpg 300w, https:\/\/www.uicbasilicata.it\/wp-content\/uploads\/2024\/08\/20240727_161406-1-768x432.jpg 768w, https:\/\/www.uicbasilicata.it\/wp-content\/uploads\/2024\/08\/20240727_161406-1.jpg 1416w\" sizes=\"(max-width: 1024px) 100vw, 1024px\" \/><figcaption class=\"wp-element-caption\">@<\/figcaption><\/figure>\n\n\n\n<figure class=\"wp-block-image size-large\"><img loading=\"lazy\" decoding=\"async\" width=\"1024\" height=\"576\" data-id=\"2890\" src=\"https:\/\/www.uicbasilicata.it\/wp-content\/uploads\/2024\/08\/20240727_162304-1-1024x576.jpg\" alt=\"\" class=\"wp-image-2890\" srcset=\"https:\/\/www.uicbasilicata.it\/wp-content\/uploads\/2024\/08\/20240727_162304-1-1024x576.jpg 1024w, https:\/\/www.uicbasilicata.it\/wp-content\/uploads\/2024\/08\/20240727_162304-1-300x169.jpg 300w, https:\/\/www.uicbasilicata.it\/wp-content\/uploads\/2024\/08\/20240727_162304-1-768x432.jpg 768w, https:\/\/www.uicbasilicata.it\/wp-content\/uploads\/2024\/08\/20240727_162304-1.jpg 1416w\" sizes=\"(max-width: 1024px) 100vw, 1024px\" \/><figcaption class=\"wp-element-caption\">@<\/figcaption><\/figure>\n<\/figure>\n\n\n\n<p class=\"wp-block-paragraph\"><strong>Galleria fotografica<\/strong> <strong>Muro lucano<\/strong><\/p>\n\n\n\n<figure class=\"wp-block-gallery has-nested-images columns-default is-cropped wp-block-gallery-3 is-layout-flex wp-block-gallery-is-layout-flex\">\n<figure class=\"wp-block-image size-large\"><img loading=\"lazy\" decoding=\"async\" width=\"1024\" height=\"682\" data-id=\"2840\" src=\"https:\/\/www.uicbasilicata.it\/wp-content\/uploads\/2024\/07\/1-1024x682.jpg\" alt=\"\" class=\"wp-image-2840\" srcset=\"https:\/\/www.uicbasilicata.it\/wp-content\/uploads\/2024\/07\/1-1024x682.jpg 1024w, https:\/\/www.uicbasilicata.it\/wp-content\/uploads\/2024\/07\/1-300x200.jpg 300w, https:\/\/www.uicbasilicata.it\/wp-content\/uploads\/2024\/07\/1-768x512.jpg 768w, https:\/\/www.uicbasilicata.it\/wp-content\/uploads\/2024\/07\/1-1536x1023.jpg 1536w, https:\/\/www.uicbasilicata.it\/wp-content\/uploads\/2024\/07\/1.jpg 1600w\" sizes=\"(max-width: 1024px) 100vw, 1024px\" \/><\/figure>\n\n\n\n<figure class=\"wp-block-image size-large\"><img loading=\"lazy\" decoding=\"async\" width=\"1600\" height=\"1066\" data-id=\"2842\" src=\"https:\/\/www.uicbasilicata.it\/wp-content\/uploads\/2024\/07\/2-1024x682.jpg\" alt=\"\" class=\"wp-image-2842\" srcset=\"https:\/\/www.uicbasilicata.it\/wp-content\/uploads\/2024\/07\/2-1024x682.jpg 1024w, https:\/\/www.uicbasilicata.it\/wp-content\/uploads\/2024\/07\/2-300x200.jpg 300w, https:\/\/www.uicbasilicata.it\/wp-content\/uploads\/2024\/07\/2-768x512.jpg 768w, https:\/\/www.uicbasilicata.it\/wp-content\/uploads\/2024\/07\/2-1536x1023.jpg 1536w, https:\/\/www.uicbasilicata.it\/wp-content\/uploads\/2024\/07\/2.jpg 1600w\" sizes=\"(max-width: 1600px) 100vw, 1600px\" \/><\/figure>\n\n\n\n<figure class=\"wp-block-image size-large\"><img loading=\"lazy\" decoding=\"async\" width=\"1024\" height=\"682\" data-id=\"2839\" src=\"https:\/\/www.uicbasilicata.it\/wp-content\/uploads\/2024\/07\/3-1024x682.jpg\" alt=\"\" class=\"wp-image-2839\" srcset=\"https:\/\/www.uicbasilicata.it\/wp-content\/uploads\/2024\/07\/3-1024x682.jpg 1024w, https:\/\/www.uicbasilicata.it\/wp-content\/uploads\/2024\/07\/3-300x200.jpg 300w, https:\/\/www.uicbasilicata.it\/wp-content\/uploads\/2024\/07\/3-768x512.jpg 768w, https:\/\/www.uicbasilicata.it\/wp-content\/uploads\/2024\/07\/3-1536x1023.jpg 1536w, https:\/\/www.uicbasilicata.it\/wp-content\/uploads\/2024\/07\/3.jpg 1600w\" sizes=\"(max-width: 1024px) 100vw, 1024px\" \/><\/figure>\n\n\n\n<figure class=\"wp-block-image size-large\"><img loading=\"lazy\" decoding=\"async\" width=\"768\" height=\"1024\" data-id=\"2838\" src=\"https:\/\/www.uicbasilicata.it\/wp-content\/uploads\/2024\/07\/5-768x1024.jpg\" alt=\"\" class=\"wp-image-2838\" srcset=\"https:\/\/www.uicbasilicata.it\/wp-content\/uploads\/2024\/07\/5-768x1024.jpg 768w, https:\/\/www.uicbasilicata.it\/wp-content\/uploads\/2024\/07\/5-225x300.jpg 225w, https:\/\/www.uicbasilicata.it\/wp-content\/uploads\/2024\/07\/5-1152x1536.jpg 1152w, https:\/\/www.uicbasilicata.it\/wp-content\/uploads\/2024\/07\/5.jpg 1200w\" sizes=\"(max-width: 768px) 100vw, 768px\" \/><\/figure>\n\n\n\n<figure class=\"wp-block-image size-large\"><img loading=\"lazy\" decoding=\"async\" width=\"768\" height=\"1024\" data-id=\"2843\" src=\"https:\/\/www.uicbasilicata.it\/wp-content\/uploads\/2024\/07\/6-768x1024.jpg\" alt=\"\" class=\"wp-image-2843\" srcset=\"https:\/\/www.uicbasilicata.it\/wp-content\/uploads\/2024\/07\/6-768x1024.jpg 768w, https:\/\/www.uicbasilicata.it\/wp-content\/uploads\/2024\/07\/6-225x300.jpg 225w, https:\/\/www.uicbasilicata.it\/wp-content\/uploads\/2024\/07\/6-1152x1536.jpg 1152w, https:\/\/www.uicbasilicata.it\/wp-content\/uploads\/2024\/07\/6.jpg 1200w\" sizes=\"(max-width: 768px) 100vw, 768px\" \/><\/figure>\n\n\n\n<figure class=\"wp-block-image size-large\"><img loading=\"lazy\" decoding=\"async\" width=\"768\" height=\"1024\" data-id=\"2841\" src=\"https:\/\/www.uicbasilicata.it\/wp-content\/uploads\/2024\/07\/7-768x1024.jpg\" alt=\"\" class=\"wp-image-2841\" srcset=\"https:\/\/www.uicbasilicata.it\/wp-content\/uploads\/2024\/07\/7-768x1024.jpg 768w, https:\/\/www.uicbasilicata.it\/wp-content\/uploads\/2024\/07\/7-225x300.jpg 225w, https:\/\/www.uicbasilicata.it\/wp-content\/uploads\/2024\/07\/7-1152x1536.jpg 1152w, https:\/\/www.uicbasilicata.it\/wp-content\/uploads\/2024\/07\/7.jpg 1200w\" sizes=\"(max-width: 768px) 100vw, 768px\" \/><\/figure>\n\n\n\n<figure class=\"wp-block-image size-large\"><img loading=\"lazy\" decoding=\"async\" width=\"1024\" height=\"576\" data-id=\"2897\" src=\"https:\/\/www.uicbasilicata.it\/wp-content\/uploads\/2024\/08\/20240728_180356-1024x576.jpg\" alt=\"\" class=\"wp-image-2897\" srcset=\"https:\/\/www.uicbasilicata.it\/wp-content\/uploads\/2024\/08\/20240728_180356-1024x576.jpg 1024w, https:\/\/www.uicbasilicata.it\/wp-content\/uploads\/2024\/08\/20240728_180356-300x169.jpg 300w, https:\/\/www.uicbasilicata.it\/wp-content\/uploads\/2024\/08\/20240728_180356-768x432.jpg 768w, https:\/\/www.uicbasilicata.it\/wp-content\/uploads\/2024\/08\/20240728_180356.jpg 1416w\" sizes=\"(max-width: 1024px) 100vw, 1024px\" \/><figcaption class=\"wp-element-caption\">@<\/figcaption><\/figure>\n\n\n\n<figure class=\"wp-block-image size-large\"><img loading=\"lazy\" decoding=\"async\" width=\"1024\" height=\"576\" data-id=\"2898\" src=\"https:\/\/www.uicbasilicata.it\/wp-content\/uploads\/2024\/08\/20240728_180414-1024x576.jpg\" alt=\"\" class=\"wp-image-2898\" srcset=\"https:\/\/www.uicbasilicata.it\/wp-content\/uploads\/2024\/08\/20240728_180414-1024x576.jpg 1024w, https:\/\/www.uicbasilicata.it\/wp-content\/uploads\/2024\/08\/20240728_180414-300x169.jpg 300w, https:\/\/www.uicbasilicata.it\/wp-content\/uploads\/2024\/08\/20240728_180414-768x432.jpg 768w, https:\/\/www.uicbasilicata.it\/wp-content\/uploads\/2024\/08\/20240728_180414.jpg 1416w\" sizes=\"(max-width: 1024px) 100vw, 1024px\" \/><\/figure>\n<\/figure>\n","protected":false},"excerpt":{"rendered":"<p>Si \u00e8 conclusa domenia 28 luglio l&#8217;edizione 2024 de &nbsp;&#8220;La Prevenzione non va in vacanza 2024&#8221; realizzata nei comuni di Sant\u2019Angelo le Fratte dove sono state visitate 104 persone con una percentuale di positivi con sospetta maculopatia e\/o glaucoma del 15-20% e nel Comune di Muro Lucano dove sono state visitate 83 persone, il 65% [&hellip;]<\/p>\n","protected":false},"author":3,"featured_media":2840,"comment_status":"open","ping_status":"open","sticky":true,"template":"","format":"standard","meta":{"footnotes":""},"categories":[1],"tags":[],"class_list":["post-2837","post","type-post","status-publish","format-standard","has-post-thumbnail","hentry","category-uncategorized"],"yoast_head":"<!-- This site is optimized with the Yoast SEO plugin v28.3 - https:\/\/yoast.com\/product\/yoast-seo-wordpress\/ -->\n<title>Report La prevenzione non va in vacanza - 2024 | Uici Basilicata<\/title>\n<meta name=\"robots\" content=\"noindex, follow\" \/>\n<meta property=\"og:locale\" content=\"it_IT\" \/>\n<meta property=\"og:type\" content=\"article\" \/>\n<meta property=\"og:title\" content=\"Report La prevenzione non va in vacanza - 2024 | Uici Basilicata\" \/>\n<meta property=\"og:description\" content=\"Si \u00e8 conclusa domenia 28 luglio l&#8217;edizione 2024 de &nbsp;&#8220;La Prevenzione non va in vacanza 2024&#8221; realizzata nei comuni di Sant\u2019Angelo le Fratte dove sono state visitate 104 persone con una percentuale di positivi con sospetta maculopatia e\/o glaucoma del 15-20% e nel Comune di Muro Lucano dove sono state visitate 83 persone, il 65% [&hellip;]\" \/>\n<meta property=\"og:url\" content=\"https:\/\/www.uicbasilicata.it\/?p=2837\" \/>\n<meta property=\"og:site_name\" content=\"Uici Basilicata\" \/>\n<meta property=\"article:published_time\" content=\"2024-07-30T16:53:05+00:00\" \/>\n<meta property=\"article:modified_time\" content=\"2024-09-05T14:29:57+00:00\" \/>\n<meta property=\"og:image\" content=\"http:\/\/www.uicbasilicata.it\/wp-content\/uploads\/2024\/07\/1.jpg\" \/>\n\t<meta property=\"og:image:width\" content=\"1600\" \/>\n\t<meta property=\"og:image:height\" content=\"1066\" \/>\n\t<meta property=\"og:image:type\" content=\"image\/jpeg\" \/>\n<meta name=\"author\" content=\"Uici Basilicata\" \/>\n<meta name=\"twitter:card\" content=\"summary_large_image\" \/>\n<meta name=\"twitter:label1\" content=\"Scritto da\" \/>\n\t<meta name=\"twitter:data1\" content=\"\" \/>\n\t<meta name=\"twitter:label2\" content=\"Tempo di lettura stimato\" \/>\n\t<meta name=\"twitter:data2\" content=\"8 minuti\" \/>\n<script type=\"application\/ld+json\" class=\"yoast-schema-graph\">{\"@context\":\"https:\\\/\\\/schema.org\",\"@graph\":[{\"@type\":\"Article\",\"@id\":\"https:\\\/\\\/www.uicbasilicata.it\\\/?p=2837#article\",\"isPartOf\":{\"@id\":\"https:\\\/\\\/www.uicbasilicata.it\\\/?p=2837\"},\"author\":{\"name\":\"Uici Basilicata\",\"@id\":\"https:\\\/\\\/www.uicbasilicata.it\\\/#\\\/schema\\\/person\\\/b61f8ef2c4559759074b29ee2356fa2f\"},\"headline\":\"Report La prevenzione non va in vacanza &#8211; 2024\",\"datePublished\":\"2024-07-30T16:53:05+00:00\",\"dateModified\":\"2024-09-05T14:29:57+00:00\",\"mainEntityOfPage\":{\"@id\":\"https:\\\/\\\/www.uicbasilicata.it\\\/?p=2837\"},\"wordCount\":346,\"commentCount\":0,\"publisher\":{\"@id\":\"https:\\\/\\\/www.uicbasilicata.it\\\/#organization\"},\"image\":{\"@id\":\"https:\\\/\\\/www.uicbasilicata.it\\\/?p=2837#primaryimage\"},\"thumbnailUrl\":\"https:\\\/\\\/www.uicbasilicata.it\\\/wp-content\\\/uploads\\\/2024\\\/07\\\/1.jpg\",\"articleSection\":[\"Uncategorized\"],\"inLanguage\":\"it-IT\",\"potentialAction\":[{\"@type\":\"CommentAction\",\"name\":\"Comment\",\"target\":[\"https:\\\/\\\/www.uicbasilicata.it\\\/?p=2837#respond\"]}]},{\"@type\":\"WebPage\",\"@id\":\"https:\\\/\\\/www.uicbasilicata.it\\\/?p=2837\",\"url\":\"https:\\\/\\\/www.uicbasilicata.it\\\/?p=2837\",\"name\":\"Report La prevenzione non va in vacanza - 2024 | Uici Basilicata\",\"isPartOf\":{\"@id\":\"https:\\\/\\\/www.uicbasilicata.it\\\/#website\"},\"primaryImageOfPage\":{\"@id\":\"https:\\\/\\\/www.uicbasilicata.it\\\/?p=2837#primaryimage\"},\"image\":{\"@id\":\"https:\\\/\\\/www.uicbasilicata.it\\\/?p=2837#primaryimage\"},\"thumbnailUrl\":\"https:\\\/\\\/www.uicbasilicata.it\\\/wp-content\\\/uploads\\\/2024\\\/07\\\/1.jpg\",\"datePublished\":\"2024-07-30T16:53:05+00:00\",\"dateModified\":\"2024-09-05T14:29:57+00:00\",\"breadcrumb\":{\"@id\":\"https:\\\/\\\/www.uicbasilicata.it\\\/?p=2837#breadcrumb\"},\"inLanguage\":\"it-IT\",\"potentialAction\":[{\"@type\":\"ReadAction\",\"target\":[\"https:\\\/\\\/www.uicbasilicata.it\\\/?p=2837\"]}]},{\"@type\":\"ImageObject\",\"inLanguage\":\"it-IT\",\"@id\":\"https:\\\/\\\/www.uicbasilicata.it\\\/?p=2837#primaryimage\",\"url\":\"https:\\\/\\\/www.uicbasilicata.it\\\/wp-content\\\/uploads\\\/2024\\\/07\\\/1.jpg\",\"contentUrl\":\"https:\\\/\\\/www.uicbasilicata.it\\\/wp-content\\\/uploads\\\/2024\\\/07\\\/1.jpg\",\"width\":1600,\"height\":1066},{\"@type\":\"BreadcrumbList\",\"@id\":\"https:\\\/\\\/www.uicbasilicata.it\\\/?p=2837#breadcrumb\",\"itemListElement\":[{\"@type\":\"ListItem\",\"position\":1,\"name\":\"Home\",\"item\":\"https:\\\/\\\/www.uicbasilicata.it\\\/\"},{\"@type\":\"ListItem\",\"position\":2,\"name\":\"Report La prevenzione non va in vacanza &#8211; 2024\"}]},{\"@type\":\"WebSite\",\"@id\":\"https:\\\/\\\/www.uicbasilicata.it\\\/#website\",\"url\":\"https:\\\/\\\/www.uicbasilicata.it\\\/\",\"name\":\"Uici Basilicata\",\"description\":\"Unione Italiana Ciechi ed Ipovedenti\",\"publisher\":{\"@id\":\"https:\\\/\\\/www.uicbasilicata.it\\\/#organization\"},\"potentialAction\":[{\"@type\":\"SearchAction\",\"target\":{\"@type\":\"EntryPoint\",\"urlTemplate\":\"https:\\\/\\\/www.uicbasilicata.it\\\/?s={search_term_string}\"},\"query-input\":{\"@type\":\"PropertyValueSpecification\",\"valueRequired\":true,\"valueName\":\"search_term_string\"}}],\"inLanguage\":\"it-IT\"},{\"@type\":\"Organization\",\"@id\":\"https:\\\/\\\/www.uicbasilicata.it\\\/#organization\",\"name\":\"UICI Basilicata\",\"url\":\"https:\\\/\\\/www.uicbasilicata.it\\\/\",\"logo\":{\"@type\":\"ImageObject\",\"inLanguage\":\"it-IT\",\"@id\":\"https:\\\/\\\/www.uicbasilicata.it\\\/#\\\/schema\\\/logo\\\/image\\\/\",\"url\":\"http:\\\/\\\/www.uicbasilicata.it\\\/wp-content\\\/uploads\\\/2020\\\/12\\\/cropped-Logo-Definitivo.png\",\"contentUrl\":\"http:\\\/\\\/www.uicbasilicata.it\\\/wp-content\\\/uploads\\\/2020\\\/12\\\/cropped-Logo-Definitivo.png\",\"width\":6300,\"height\":2972,\"caption\":\"UICI Basilicata\"},\"image\":{\"@id\":\"https:\\\/\\\/www.uicbasilicata.it\\\/#\\\/schema\\\/logo\\\/image\\\/\"},\"sameAs\":[\"https:\\\/\\\/www.instagram.com\\\/uicibasilicata\\\/?hl=it\"]},{\"@type\":\"Person\",\"@id\":\"https:\\\/\\\/www.uicbasilicata.it\\\/#\\\/schema\\\/person\\\/b61f8ef2c4559759074b29ee2356fa2f\",\"name\":\"Uici Basilicata\",\"image\":{\"@type\":\"ImageObject\",\"inLanguage\":\"it-IT\",\"@id\":\"https:\\\/\\\/secure.gravatar.com\\\/avatar\\\/7117452ed271e5ea741dd167d52ee58fa4664d6761036557a023fb86a3c98f99?s=96&d=mm&r=g\",\"url\":\"https:\\\/\\\/secure.gravatar.com\\\/avatar\\\/7117452ed271e5ea741dd167d52ee58fa4664d6761036557a023fb86a3c98f99?s=96&d=mm&r=g\",\"contentUrl\":\"https:\\\/\\\/secure.gravatar.com\\\/avatar\\\/7117452ed271e5ea741dd167d52ee58fa4664d6761036557a023fb86a3c98f99?s=96&d=mm&r=g\",\"caption\":\"Uici Basilicata\"},\"url\":\"https:\\\/\\\/www.uicbasilicata.it\\\/?author=3\"}]}<\/script>\n<!-- \/ Yoast SEO plugin. -->","yoast_head_json":{"title":"Report La prevenzione non va in vacanza - 2024 | Uici Basilicata","robots":{"index":"noindex","follow":"follow"},"og_locale":"it_IT","og_type":"article","og_title":"Report La prevenzione non va in vacanza - 2024 | Uici Basilicata","og_description":"Si \u00e8 conclusa domenia 28 luglio l&#8217;edizione 2024 de &nbsp;&#8220;La Prevenzione non va in vacanza 2024&#8221; realizzata nei comuni di Sant\u2019Angelo le Fratte dove sono state visitate 104 persone con una percentuale di positivi con sospetta maculopatia e\/o glaucoma del 15-20% e nel Comune di Muro Lucano dove sono state visitate 83 persone, il 65% [&hellip;]","og_url":"https:\/\/www.uicbasilicata.it\/?p=2837","og_site_name":"Uici Basilicata","article_published_time":"2024-07-30T16:53:05+00:00","article_modified_time":"2024-09-05T14:29:57+00:00","og_image":[{"width":1600,"height":1066,"url":"http:\/\/www.uicbasilicata.it\/wp-content\/uploads\/2024\/07\/1.jpg","type":"image\/jpeg"}],"author":"Uici Basilicata","twitter_card":"summary_large_image","twitter_misc":{"Scritto da":false,"Tempo di lettura stimato":"8 minuti"},"schema":{"@context":"https:\/\/schema.org","@graph":[{"@type":"Article","@id":"https:\/\/www.uicbasilicata.it\/?p=2837#article","isPartOf":{"@id":"https:\/\/www.uicbasilicata.it\/?p=2837"},"author":{"name":"Uici Basilicata","@id":"https:\/\/www.uicbasilicata.it\/#\/schema\/person\/b61f8ef2c4559759074b29ee2356fa2f"},"headline":"Report La prevenzione non va in vacanza &#8211; 2024","datePublished":"2024-07-30T16:53:05+00:00","dateModified":"2024-09-05T14:29:57+00:00","mainEntityOfPage":{"@id":"https:\/\/www.uicbasilicata.it\/?p=2837"},"wordCount":346,"commentCount":0,"publisher":{"@id":"https:\/\/www.uicbasilicata.it\/#organization"},"image":{"@id":"https:\/\/www.uicbasilicata.it\/?p=2837#primaryimage"},"thumbnailUrl":"https:\/\/www.uicbasilicata.it\/wp-content\/uploads\/2024\/07\/1.jpg","articleSection":["Uncategorized"],"inLanguage":"it-IT","potentialAction":[{"@type":"CommentAction","name":"Comment","target":["https:\/\/www.uicbasilicata.it\/?p=2837#respond"]}]},{"@type":"WebPage","@id":"https:\/\/www.uicbasilicata.it\/?p=2837","url":"https:\/\/www.uicbasilicata.it\/?p=2837","name":"Report La prevenzione non va in vacanza - 2024 | Uici Basilicata","isPartOf":{"@id":"https:\/\/www.uicbasilicata.it\/#website"},"primaryImageOfPage":{"@id":"https:\/\/www.uicbasilicata.it\/?p=2837#primaryimage"},"image":{"@id":"https:\/\/www.uicbasilicata.it\/?p=2837#primaryimage"},"thumbnailUrl":"https:\/\/www.uicbasilicata.it\/wp-content\/uploads\/2024\/07\/1.jpg","datePublished":"2024-07-30T16:53:05+00:00","dateModified":"2024-09-05T14:29:57+00:00","breadcrumb":{"@id":"https:\/\/www.uicbasilicata.it\/?p=2837#breadcrumb"},"inLanguage":"it-IT","potentialAction":[{"@type":"ReadAction","target":["https:\/\/www.uicbasilicata.it\/?p=2837"]}]},{"@type":"ImageObject","inLanguage":"it-IT","@id":"https:\/\/www.uicbasilicata.it\/?p=2837#primaryimage","url":"https:\/\/www.uicbasilicata.it\/wp-content\/uploads\/2024\/07\/1.jpg","contentUrl":"https:\/\/www.uicbasilicata.it\/wp-content\/uploads\/2024\/07\/1.jpg","width":1600,"height":1066},{"@type":"BreadcrumbList","@id":"https:\/\/www.uicbasilicata.it\/?p=2837#breadcrumb","itemListElement":[{"@type":"ListItem","position":1,"name":"Home","item":"https:\/\/www.uicbasilicata.it\/"},{"@type":"ListItem","position":2,"name":"Report La prevenzione non va in vacanza &#8211; 2024"}]},{"@type":"WebSite","@id":"https:\/\/www.uicbasilicata.it\/#website","url":"https:\/\/www.uicbasilicata.it\/","name":"Uici Basilicata","description":"Unione Italiana Ciechi ed Ipovedenti","publisher":{"@id":"https:\/\/www.uicbasilicata.it\/#organization"},"potentialAction":[{"@type":"SearchAction","target":{"@type":"EntryPoint","urlTemplate":"https:\/\/www.uicbasilicata.it\/?s={search_term_string}"},"query-input":{"@type":"PropertyValueSpecification","valueRequired":true,"valueName":"search_term_string"}}],"inLanguage":"it-IT"},{"@type":"Organization","@id":"https:\/\/www.uicbasilicata.it\/#organization","name":"UICI Basilicata","url":"https:\/\/www.uicbasilicata.it\/","logo":{"@type":"ImageObject","inLanguage":"it-IT","@id":"https:\/\/www.uicbasilicata.it\/#\/schema\/logo\/image\/","url":"http:\/\/www.uicbasilicata.it\/wp-content\/uploads\/2020\/12\/cropped-Logo-Definitivo.png","contentUrl":"http:\/\/www.uicbasilicata.it\/wp-content\/uploads\/2020\/12\/cropped-Logo-Definitivo.png","width":6300,"height":2972,"caption":"UICI Basilicata"},"image":{"@id":"https:\/\/www.uicbasilicata.it\/#\/schema\/logo\/image\/"},"sameAs":["https:\/\/www.instagram.com\/uicibasilicata\/?hl=it"]},{"@type":"Person","@id":"https:\/\/www.uicbasilicata.it\/#\/schema\/person\/b61f8ef2c4559759074b29ee2356fa2f","name":"Uici Basilicata","image":{"@type":"ImageObject","inLanguage":"it-IT","@id":"https:\/\/secure.gravatar.com\/avatar\/7117452ed271e5ea741dd167d52ee58fa4664d6761036557a023fb86a3c98f99?s=96&d=mm&r=g","url":"https:\/\/secure.gravatar.com\/avatar\/7117452ed271e5ea741dd167d52ee58fa4664d6761036557a023fb86a3c98f99?s=96&d=mm&r=g","contentUrl":"https:\/\/secure.gravatar.com\/avatar\/7117452ed271e5ea741dd167d52ee58fa4664d6761036557a023fb86a3c98f99?s=96&d=mm&r=g","caption":"Uici Basilicata"},"url":"https:\/\/www.uicbasilicata.it\/?author=3"}]}},"_links":{"self":[{"href":"https:\/\/www.uicbasilicata.it\/index.php?rest_route=\/wp\/v2\/posts\/2837","targetHints":{"allow":["GET"]}}],"collection":[{"href":"https:\/\/www.uicbasilicata.it\/index.php?rest_route=\/wp\/v2\/posts"}],"about":[{"href":"https:\/\/www.uicbasilicata.it\/index.php?rest_route=\/wp\/v2\/types\/post"}],"author":[{"embeddable":true,"href":"https:\/\/www.uicbasilicata.it\/index.php?rest_route=\/wp\/v2\/users\/3"}],"replies":[{"embeddable":true,"href":"https:\/\/www.uicbasilicata.it\/index.php?rest_route=%2Fwp%2Fv2%2Fcomments&post=2837"}],"version-history":[{"count":26,"href":"https:\/\/www.uicbasilicata.it\/index.php?rest_route=\/wp\/v2\/posts\/2837\/revisions"}],"predecessor-version":[{"id":2951,"href":"https:\/\/www.uicbasilicata.it\/index.php?rest_route=\/wp\/v2\/posts\/2837\/revisions\/2951"}],"wp:featuredmedia":[{"embeddable":true,"href":"https:\/\/www.uicbasilicata.it\/index.php?rest_route=\/wp\/v2\/media\/2840"}],"wp:attachment":[{"href":"https:\/\/www.uicbasilicata.it\/index.php?rest_route=%2Fwp%2Fv2%2Fmedia&parent=2837"}],"wp:term":[{"taxonomy":"category","embeddable":true,"href":"https:\/\/www.uicbasilicata.it\/index.php?rest_route=%2Fwp%2Fv2%2Fcategories&post=2837"},{"taxonomy":"post_tag","embeddable":true,"href":"https:\/\/www.uicbasilicata.it\/index.php?rest_route=%2Fwp%2Fv2%2Ftags&post=2837"}],"curies":[{"name":"wp","href":"https:\/\/api.w.org\/{rel}","templated":true}]}}