{"id":2640,"date":"2023-10-01T07:35:00","date_gmt":"2023-10-01T07:35:00","guid":{"rendered":"https:\/\/www.uicbasilicata.it\/?p=2640"},"modified":"2023-10-17T15:03:13","modified_gmt":"2023-10-17T15:03:13","slug":"giornata-mondiale-della-vista-2","status":"publish","type":"post","link":"https:\/\/www.uicbasilicata.it\/?p=2640","title":{"rendered":"Giornata mondiale della vista 2023"},"content":{"rendered":"\n<p class=\"wp-block-paragraph\">Il 12 ottobre prende il via come ogni anno la giornata mondiale della vista, promossa dall\u2019Agenzia internazionale per la prevenzione della cecit\u00e0 &#8211; IAPB Italia in collaborazione con l&#8217;Unione italiana Ciechi e Ipovedenti attraverso numerose attivit\u00e0 di screening e sensibilizzazione in tutta Italia.<br>In questa nuova edizione 2023 per la campagna di comunicazione si \u00e8 scelto uno sfondo nero con una scritta bianca che recita: \u201cnon servono immagini per descrivere il buio. La vista \u00e8 un bene prezioso. Siamo al tuo fianco per custodirla\u201d.<br>Anche la Basilicata ha aderito all\u2019iniziativa nazionale in collaborazione con le due sezioni  territoriali UICI di Potenza e Matera, organizzando diverse attivit\u00e0 fra cui la distribuzione di materiale informativo.<br>In particolare a <strong>Potenza il 12 ottobre si realizzeranno screening oculistici dai sette anni in poi <\/strong>su prenotazione presso la <strong>sede del Comitato regionale IAPB &#8211; in via San Luca, 34 &#8211; dalle ore 9:00 alle 13:00 e dalle 15:00 alle 19:00.<\/strong><br>I cittadini interessati agli screening potranno prenotare contattando la sezione territoriale UICI Potenza allo 0971\/21866 o inviando una e-mail a uicpz@uici.it.<br>Anche a Matera la IAPB, in collaborazione con la sezione territoriale UICI, effettuer\u00e0 attivit\u00e0 di prevenzione con il supporto dell\u2019Universit\u00e0 degli Studi della Basilicata.<br>Nella data del <strong>12 ottobre infatti si effettueranno controlli oculistici gratuiti a bordo dell\u2019unit\u00e0 mobile oftalmica, che soster\u00e0 presso l\u2019area esterna dell\u2019Unibas in via Lanera n 20, dalle ore 9:00 alle 13:30 e dalle 15:00 alle 18:00.<\/strong><br>Verr\u00e0 inoltre distribuito materiale divulgativo presso l\u2019infopoint, appositamente allestito, dove sar\u00e0 possibile prenotarsi.<br>Inoltre alle<strong> ore 11:00, presso l\u2019aula B001 messa a disposizione dall\u2019ateneo, l\u2019oculista Giuseppe Taratufolo terr\u00e0 un incontro scientifico <\/strong>nel quale saranno divulgate informazioni utili a tutela della salute della vista.<\/p>\n\n\n\n<p class=\"wp-block-paragraph\">Per ulteriori info: <a href=\"https:\/\/iapb.it\/gmv2023\/\">Giornata Mondiale della vista<\/a> <\/p>\n","protected":false},"excerpt":{"rendered":"<p>Il 12 ottobre prende il via come ogni anno la giornata mondiale della vista, promossa dall\u2019Agenzia internazionale per la prevenzione della cecit\u00e0 &#8211; IAPB Italia in collaborazione con l&#8217;Unione italiana Ciechi e Ipovedenti attraverso numerose attivit\u00e0 di screening e sensibilizzazione in tutta Italia.In questa nuova edizione 2023 per la campagna di comunicazione si \u00e8 scelto [&hellip;]<\/p>\n","protected":false},"author":3,"featured_media":2644,"comment_status":"open","ping_status":"open","sticky":false,"template":"","format":"standard","meta":{"footnotes":""},"categories":[11],"tags":[],"class_list":["post-2640","post","type-post","status-publish","format-standard","has-post-thumbnail","hentry","category-dal-territorio-di-pz-e-mt"],"yoast_head":"<!-- This site is optimized with the Yoast SEO plugin v28.3 - https:\/\/yoast.com\/product\/yoast-seo-wordpress\/ -->\n<title>Giornata mondiale della vista 2023 | Uici Basilicata<\/title>\n<meta name=\"robots\" content=\"noindex, follow\" \/>\n<meta property=\"og:locale\" content=\"it_IT\" \/>\n<meta property=\"og:type\" content=\"article\" \/>\n<meta property=\"og:title\" content=\"Giornata mondiale della vista 2023 | Uici Basilicata\" \/>\n<meta property=\"og:description\" content=\"Il 12 ottobre prende il via come ogni anno la giornata mondiale della vista, promossa dall\u2019Agenzia internazionale per la prevenzione della cecit\u00e0 &#8211; IAPB Italia in collaborazione con l&#8217;Unione italiana Ciechi e Ipovedenti attraverso numerose attivit\u00e0 di screening e sensibilizzazione in tutta Italia.In questa nuova edizione 2023 per la campagna di comunicazione si \u00e8 scelto [&hellip;]\" \/>\n<meta property=\"og:url\" content=\"https:\/\/www.uicbasilicata.it\/?p=2640\" \/>\n<meta property=\"og:site_name\" content=\"Uici Basilicata\" \/>\n<meta property=\"article:published_time\" content=\"2023-10-01T07:35:00+00:00\" \/>\n<meta property=\"article:modified_time\" content=\"2023-10-17T15:03:13+00:00\" \/>\n<meta property=\"og:image\" content=\"http:\/\/www.uicbasilicata.it\/wp-content\/uploads\/2023\/10\/12-ottobre-1024x565-1.png\" \/>\n\t<meta property=\"og:image:width\" content=\"1024\" \/>\n\t<meta property=\"og:image:height\" content=\"565\" \/>\n\t<meta property=\"og:image:type\" content=\"image\/png\" \/>\n<meta name=\"author\" content=\"Uici Basilicata\" \/>\n<meta name=\"twitter:card\" content=\"summary_large_image\" \/>\n<meta name=\"twitter:label1\" content=\"Scritto da\" \/>\n\t<meta name=\"twitter:data1\" content=\"\" \/>\n\t<meta name=\"twitter:label2\" content=\"Tempo di lettura stimato\" \/>\n\t<meta name=\"twitter:data2\" content=\"2 minuti\" \/>\n<script type=\"application\/ld+json\" class=\"yoast-schema-graph\">{\"@context\":\"https:\\\/\\\/schema.org\",\"@graph\":[{\"@type\":\"Article\",\"@id\":\"https:\\\/\\\/www.uicbasilicata.it\\\/?p=2640#article\",\"isPartOf\":{\"@id\":\"https:\\\/\\\/www.uicbasilicata.it\\\/?p=2640\"},\"author\":{\"name\":\"Uici Basilicata\",\"@id\":\"https:\\\/\\\/www.uicbasilicata.it\\\/#\\\/schema\\\/person\\\/b61f8ef2c4559759074b29ee2356fa2f\"},\"headline\":\"Giornata mondiale della vista 2023\",\"datePublished\":\"2023-10-01T07:35:00+00:00\",\"dateModified\":\"2023-10-17T15:03:13+00:00\",\"mainEntityOfPage\":{\"@id\":\"https:\\\/\\\/www.uicbasilicata.it\\\/?p=2640\"},\"wordCount\":286,\"commentCount\":0,\"publisher\":{\"@id\":\"https:\\\/\\\/www.uicbasilicata.it\\\/#organization\"},\"image\":{\"@id\":\"https:\\\/\\\/www.uicbasilicata.it\\\/?p=2640#primaryimage\"},\"thumbnailUrl\":\"https:\\\/\\\/www.uicbasilicata.it\\\/wp-content\\\/uploads\\\/2023\\\/10\\\/12-ottobre-1024x565-1.png\",\"articleSection\":[\"Dal territorio di PZ e MT\"],\"inLanguage\":\"it-IT\",\"potentialAction\":[{\"@type\":\"CommentAction\",\"name\":\"Comment\",\"target\":[\"https:\\\/\\\/www.uicbasilicata.it\\\/?p=2640#respond\"]}]},{\"@type\":\"WebPage\",\"@id\":\"https:\\\/\\\/www.uicbasilicata.it\\\/?p=2640\",\"url\":\"https:\\\/\\\/www.uicbasilicata.it\\\/?p=2640\",\"name\":\"Giornata mondiale della vista 2023 | Uici Basilicata\",\"isPartOf\":{\"@id\":\"https:\\\/\\\/www.uicbasilicata.it\\\/#website\"},\"primaryImageOfPage\":{\"@id\":\"https:\\\/\\\/www.uicbasilicata.it\\\/?p=2640#primaryimage\"},\"image\":{\"@id\":\"https:\\\/\\\/www.uicbasilicata.it\\\/?p=2640#primaryimage\"},\"thumbnailUrl\":\"https:\\\/\\\/www.uicbasilicata.it\\\/wp-content\\\/uploads\\\/2023\\\/10\\\/12-ottobre-1024x565-1.png\",\"datePublished\":\"2023-10-01T07:35:00+00:00\",\"dateModified\":\"2023-10-17T15:03:13+00:00\",\"breadcrumb\":{\"@id\":\"https:\\\/\\\/www.uicbasilicata.it\\\/?p=2640#breadcrumb\"},\"inLanguage\":\"it-IT\",\"potentialAction\":[{\"@type\":\"ReadAction\",\"target\":[\"https:\\\/\\\/www.uicbasilicata.it\\\/?p=2640\"]}]},{\"@type\":\"ImageObject\",\"inLanguage\":\"it-IT\",\"@id\":\"https:\\\/\\\/www.uicbasilicata.it\\\/?p=2640#primaryimage\",\"url\":\"https:\\\/\\\/www.uicbasilicata.it\\\/wp-content\\\/uploads\\\/2023\\\/10\\\/12-ottobre-1024x565-1.png\",\"contentUrl\":\"https:\\\/\\\/www.uicbasilicata.it\\\/wp-content\\\/uploads\\\/2023\\\/10\\\/12-ottobre-1024x565-1.png\",\"width\":1024,\"height\":565},{\"@type\":\"BreadcrumbList\",\"@id\":\"https:\\\/\\\/www.uicbasilicata.it\\\/?p=2640#breadcrumb\",\"itemListElement\":[{\"@type\":\"ListItem\",\"position\":1,\"name\":\"Home\",\"item\":\"https:\\\/\\\/www.uicbasilicata.it\\\/\"},{\"@type\":\"ListItem\",\"position\":2,\"name\":\"Giornata mondiale della vista 2023\"}]},{\"@type\":\"WebSite\",\"@id\":\"https:\\\/\\\/www.uicbasilicata.it\\\/#website\",\"url\":\"https:\\\/\\\/www.uicbasilicata.it\\\/\",\"name\":\"Uici Basilicata\",\"description\":\"Unione Italiana Ciechi ed Ipovedenti\",\"publisher\":{\"@id\":\"https:\\\/\\\/www.uicbasilicata.it\\\/#organization\"},\"potentialAction\":[{\"@type\":\"SearchAction\",\"target\":{\"@type\":\"EntryPoint\",\"urlTemplate\":\"https:\\\/\\\/www.uicbasilicata.it\\\/?s={search_term_string}\"},\"query-input\":{\"@type\":\"PropertyValueSpecification\",\"valueRequired\":true,\"valueName\":\"search_term_string\"}}],\"inLanguage\":\"it-IT\"},{\"@type\":\"Organization\",\"@id\":\"https:\\\/\\\/www.uicbasilicata.it\\\/#organization\",\"name\":\"UICI Basilicata\",\"url\":\"https:\\\/\\\/www.uicbasilicata.it\\\/\",\"logo\":{\"@type\":\"ImageObject\",\"inLanguage\":\"it-IT\",\"@id\":\"https:\\\/\\\/www.uicbasilicata.it\\\/#\\\/schema\\\/logo\\\/image\\\/\",\"url\":\"http:\\\/\\\/www.uicbasilicata.it\\\/wp-content\\\/uploads\\\/2020\\\/12\\\/cropped-Logo-Definitivo.png\",\"contentUrl\":\"http:\\\/\\\/www.uicbasilicata.it\\\/wp-content\\\/uploads\\\/2020\\\/12\\\/cropped-Logo-Definitivo.png\",\"width\":6300,\"height\":2972,\"caption\":\"UICI Basilicata\"},\"image\":{\"@id\":\"https:\\\/\\\/www.uicbasilicata.it\\\/#\\\/schema\\\/logo\\\/image\\\/\"},\"sameAs\":[\"https:\\\/\\\/www.instagram.com\\\/uicibasilicata\\\/?hl=it\"]},{\"@type\":\"Person\",\"@id\":\"https:\\\/\\\/www.uicbasilicata.it\\\/#\\\/schema\\\/person\\\/b61f8ef2c4559759074b29ee2356fa2f\",\"name\":\"Uici Basilicata\",\"image\":{\"@type\":\"ImageObject\",\"inLanguage\":\"it-IT\",\"@id\":\"https:\\\/\\\/secure.gravatar.com\\\/avatar\\\/7117452ed271e5ea741dd167d52ee58fa4664d6761036557a023fb86a3c98f99?s=96&d=mm&r=g\",\"url\":\"https:\\\/\\\/secure.gravatar.com\\\/avatar\\\/7117452ed271e5ea741dd167d52ee58fa4664d6761036557a023fb86a3c98f99?s=96&d=mm&r=g\",\"contentUrl\":\"https:\\\/\\\/secure.gravatar.com\\\/avatar\\\/7117452ed271e5ea741dd167d52ee58fa4664d6761036557a023fb86a3c98f99?s=96&d=mm&r=g\",\"caption\":\"Uici Basilicata\"},\"url\":\"https:\\\/\\\/www.uicbasilicata.it\\\/?author=3\"}]}<\/script>\n<!-- \/ Yoast SEO plugin. -->","yoast_head_json":{"title":"Giornata mondiale della vista 2023 | Uici Basilicata","robots":{"index":"noindex","follow":"follow"},"og_locale":"it_IT","og_type":"article","og_title":"Giornata mondiale della vista 2023 | Uici Basilicata","og_description":"Il 12 ottobre prende il via come ogni anno la giornata mondiale della vista, promossa dall\u2019Agenzia internazionale per la prevenzione della cecit\u00e0 &#8211; IAPB Italia in collaborazione con l&#8217;Unione italiana Ciechi e Ipovedenti attraverso numerose attivit\u00e0 di screening e sensibilizzazione in tutta Italia.In questa nuova edizione 2023 per la campagna di comunicazione si \u00e8 scelto [&hellip;]","og_url":"https:\/\/www.uicbasilicata.it\/?p=2640","og_site_name":"Uici Basilicata","article_published_time":"2023-10-01T07:35:00+00:00","article_modified_time":"2023-10-17T15:03:13+00:00","og_image":[{"width":1024,"height":565,"url":"http:\/\/www.uicbasilicata.it\/wp-content\/uploads\/2023\/10\/12-ottobre-1024x565-1.png","type":"image\/png"}],"author":"Uici Basilicata","twitter_card":"summary_large_image","twitter_misc":{"Scritto da":false,"Tempo di lettura stimato":"2 minuti"},"schema":{"@context":"https:\/\/schema.org","@graph":[{"@type":"Article","@id":"https:\/\/www.uicbasilicata.it\/?p=2640#article","isPartOf":{"@id":"https:\/\/www.uicbasilicata.it\/?p=2640"},"author":{"name":"Uici Basilicata","@id":"https:\/\/www.uicbasilicata.it\/#\/schema\/person\/b61f8ef2c4559759074b29ee2356fa2f"},"headline":"Giornata mondiale della vista 2023","datePublished":"2023-10-01T07:35:00+00:00","dateModified":"2023-10-17T15:03:13+00:00","mainEntityOfPage":{"@id":"https:\/\/www.uicbasilicata.it\/?p=2640"},"wordCount":286,"commentCount":0,"publisher":{"@id":"https:\/\/www.uicbasilicata.it\/#organization"},"image":{"@id":"https:\/\/www.uicbasilicata.it\/?p=2640#primaryimage"},"thumbnailUrl":"https:\/\/www.uicbasilicata.it\/wp-content\/uploads\/2023\/10\/12-ottobre-1024x565-1.png","articleSection":["Dal territorio di PZ e MT"],"inLanguage":"it-IT","potentialAction":[{"@type":"CommentAction","name":"Comment","target":["https:\/\/www.uicbasilicata.it\/?p=2640#respond"]}]},{"@type":"WebPage","@id":"https:\/\/www.uicbasilicata.it\/?p=2640","url":"https:\/\/www.uicbasilicata.it\/?p=2640","name":"Giornata mondiale della vista 2023 | Uici Basilicata","isPartOf":{"@id":"https:\/\/www.uicbasilicata.it\/#website"},"primaryImageOfPage":{"@id":"https:\/\/www.uicbasilicata.it\/?p=2640#primaryimage"},"image":{"@id":"https:\/\/www.uicbasilicata.it\/?p=2640#primaryimage"},"thumbnailUrl":"https:\/\/www.uicbasilicata.it\/wp-content\/uploads\/2023\/10\/12-ottobre-1024x565-1.png","datePublished":"2023-10-01T07:35:00+00:00","dateModified":"2023-10-17T15:03:13+00:00","breadcrumb":{"@id":"https:\/\/www.uicbasilicata.it\/?p=2640#breadcrumb"},"inLanguage":"it-IT","potentialAction":[{"@type":"ReadAction","target":["https:\/\/www.uicbasilicata.it\/?p=2640"]}]},{"@type":"ImageObject","inLanguage":"it-IT","@id":"https:\/\/www.uicbasilicata.it\/?p=2640#primaryimage","url":"https:\/\/www.uicbasilicata.it\/wp-content\/uploads\/2023\/10\/12-ottobre-1024x565-1.png","contentUrl":"https:\/\/www.uicbasilicata.it\/wp-content\/uploads\/2023\/10\/12-ottobre-1024x565-1.png","width":1024,"height":565},{"@type":"BreadcrumbList","@id":"https:\/\/www.uicbasilicata.it\/?p=2640#breadcrumb","itemListElement":[{"@type":"ListItem","position":1,"name":"Home","item":"https:\/\/www.uicbasilicata.it\/"},{"@type":"ListItem","position":2,"name":"Giornata mondiale della vista 2023"}]},{"@type":"WebSite","@id":"https:\/\/www.uicbasilicata.it\/#website","url":"https:\/\/www.uicbasilicata.it\/","name":"Uici Basilicata","description":"Unione Italiana Ciechi ed Ipovedenti","publisher":{"@id":"https:\/\/www.uicbasilicata.it\/#organization"},"potentialAction":[{"@type":"SearchAction","target":{"@type":"EntryPoint","urlTemplate":"https:\/\/www.uicbasilicata.it\/?s={search_term_string}"},"query-input":{"@type":"PropertyValueSpecification","valueRequired":true,"valueName":"search_term_string"}}],"inLanguage":"it-IT"},{"@type":"Organization","@id":"https:\/\/www.uicbasilicata.it\/#organization","name":"UICI Basilicata","url":"https:\/\/www.uicbasilicata.it\/","logo":{"@type":"ImageObject","inLanguage":"it-IT","@id":"https:\/\/www.uicbasilicata.it\/#\/schema\/logo\/image\/","url":"http:\/\/www.uicbasilicata.it\/wp-content\/uploads\/2020\/12\/cropped-Logo-Definitivo.png","contentUrl":"http:\/\/www.uicbasilicata.it\/wp-content\/uploads\/2020\/12\/cropped-Logo-Definitivo.png","width":6300,"height":2972,"caption":"UICI Basilicata"},"image":{"@id":"https:\/\/www.uicbasilicata.it\/#\/schema\/logo\/image\/"},"sameAs":["https:\/\/www.instagram.com\/uicibasilicata\/?hl=it"]},{"@type":"Person","@id":"https:\/\/www.uicbasilicata.it\/#\/schema\/person\/b61f8ef2c4559759074b29ee2356fa2f","name":"Uici Basilicata","image":{"@type":"ImageObject","inLanguage":"it-IT","@id":"https:\/\/secure.gravatar.com\/avatar\/7117452ed271e5ea741dd167d52ee58fa4664d6761036557a023fb86a3c98f99?s=96&d=mm&r=g","url":"https:\/\/secure.gravatar.com\/avatar\/7117452ed271e5ea741dd167d52ee58fa4664d6761036557a023fb86a3c98f99?s=96&d=mm&r=g","contentUrl":"https:\/\/secure.gravatar.com\/avatar\/7117452ed271e5ea741dd167d52ee58fa4664d6761036557a023fb86a3c98f99?s=96&d=mm&r=g","caption":"Uici Basilicata"},"url":"https:\/\/www.uicbasilicata.it\/?author=3"}]}},"_links":{"self":[{"href":"https:\/\/www.uicbasilicata.it\/index.php?rest_route=\/wp\/v2\/posts\/2640","targetHints":{"allow":["GET"]}}],"collection":[{"href":"https:\/\/www.uicbasilicata.it\/index.php?rest_route=\/wp\/v2\/posts"}],"about":[{"href":"https:\/\/www.uicbasilicata.it\/index.php?rest_route=\/wp\/v2\/types\/post"}],"author":[{"embeddable":true,"href":"https:\/\/www.uicbasilicata.it\/index.php?rest_route=\/wp\/v2\/users\/3"}],"replies":[{"embeddable":true,"href":"https:\/\/www.uicbasilicata.it\/index.php?rest_route=%2Fwp%2Fv2%2Fcomments&post=2640"}],"version-history":[{"count":3,"href":"https:\/\/www.uicbasilicata.it\/index.php?rest_route=\/wp\/v2\/posts\/2640\/revisions"}],"predecessor-version":[{"id":2648,"href":"https:\/\/www.uicbasilicata.it\/index.php?rest_route=\/wp\/v2\/posts\/2640\/revisions\/2648"}],"wp:featuredmedia":[{"embeddable":true,"href":"https:\/\/www.uicbasilicata.it\/index.php?rest_route=\/wp\/v2\/media\/2644"}],"wp:attachment":[{"href":"https:\/\/www.uicbasilicata.it\/index.php?rest_route=%2Fwp%2Fv2%2Fmedia&parent=2640"}],"wp:term":[{"taxonomy":"category","embeddable":true,"href":"https:\/\/www.uicbasilicata.it\/index.php?rest_route=%2Fwp%2Fv2%2Fcategories&post=2640"},{"taxonomy":"post_tag","embeddable":true,"href":"https:\/\/www.uicbasilicata.it\/index.php?rest_route=%2Fwp%2Fv2%2Ftags&post=2640"}],"curies":[{"name":"wp","href":"https:\/\/api.w.org\/{rel}","templated":true}]}}