{"id":2521,"date":"2023-05-12T20:49:00","date_gmt":"2023-05-12T20:49:00","guid":{"rendered":"https:\/\/www.uicbasilicata.it\/?p=2521"},"modified":"2023-06-19T09:16:28","modified_gmt":"2023-06-19T09:16:28","slug":"presentazione-del-tour-virtuale","status":"publish","type":"post","link":"https:\/\/www.uicbasilicata.it\/?p=2521","title":{"rendered":"Tour virtuale, on line dal 17 giugno 2023"},"content":{"rendered":"\n<p class=\"wp-block-paragraph\"><a href=\"https:\/\/my.matterport.com\/show\/?m=72qTterrKdH\">Guarda il tour virtuale<\/a> del gemello digitale del Museo Archeologico &#8220;Massimo Pallottino&#8221; di melfi, presentato luned\u00ec 15 maggio 2023 presso la sala consiliare del comune di Melfi. <br>Una  visita immersiva che vi condurr\u00e0 attraverso le sale del museo e i piani del castellon che \u00e8 stata la dimora federiciana. Una ragione in pi\u00f9 per conoscere un luogo starordinario anche in presenza.<br><br><strong>Istituzioni ed Enti coinvolti nel progetto<\/strong><br>Direzione regionale musei della Basilicata, Direttore Arch. Annamaria Mauro<br>Museo archeologico nazionale \u201cMassimo Pallottino\u201d di Melfi, Direttore Erminia Lapadula<br>Istituto Istruzione Superiore \u201cTen. R. Righetti\u201d di Melfi presentano, Dirigente Vincenza D\u2019Elia<br>Consiglio regionale U.I.C.I. della Basilicata<\/p>\n\n\n\n<p class=\"wp-block-paragraph\"><strong>Con il patrocinio di<\/strong><br>Comune di Melfi, Sindaco Giuseppe Maglione<br>Diocesi Melfi Rapolla Venosa, Vescovo S.E. R. Monsignor Ciro Fanelli<\/p>\n\n\n\n<p class=\"wp-block-paragraph\"><strong>Progetto Digital Twins<\/strong><br>Erminia Lapadula, Coordinatore (Museo \u201cMassimo Pallottino\u201d)<br>Maria Buoncristiano, Idea progettuale (U.I.C.I. della Basilicata)<br>Angelo Bozza Bracuto, Team leader (I.I.S. \u201cTen. R. Righetti\u201d)<br>Giacomo Botte, Gabriele Falaguerra, Mattia Grimolizzi, Alessandro Pecce, Mauro Simonetti, Team (I.I.S. \u201cTen. R. Righetti\u201d)<\/p>\n\n\n\n<p class=\"wp-block-paragraph\"><strong>Testi<\/strong>: Erminia Lapadula<\/p>\n\n\n\n<p class=\"wp-block-paragraph\"><strong>Voce narrante<\/strong>: Carlo Cristofaro<\/p>\n\n\n\n<p class=\"wp-block-paragraph\"><\/p>\n\n\n\n<div class=\"wp-block-file\"><a id=\"wp-block-file--media-0d3e5ea7-354b-4431-bf92-0fb526e1ab45\" href=\"https:\/\/www.uicbasilicata.it\/wp-content\/uploads\/2023\/05\/VIRTUAL-1.pdf\" target=\"_blank\" rel=\"noreferrer noopener\">Locandina  &#8211; pdf<\/a><a href=\"https:\/\/www.uicbasilicata.it\/wp-content\/uploads\/2023\/05\/VIRTUAL-1.pdf\" class=\"wp-block-file__button wp-element-button\" download aria-describedby=\"wp-block-file--media-0d3e5ea7-354b-4431-bf92-0fb526e1ab45\">Download<\/a><\/div>\n\n\n\n<div class=\"wp-block-file\"><a id=\"wp-block-file--media-6ba6628d-5c0c-4ad4-83c3-eaa900976d20\" href=\"https:\/\/www.uicbasilicata.it\/wp-content\/uploads\/2023\/05\/VIRTUAL.jpg\">Locandina &#8211; jpg<\/a><a href=\"https:\/\/www.uicbasilicata.it\/wp-content\/uploads\/2023\/05\/VIRTUAL.jpg\" class=\"wp-block-file__button wp-element-button\" download aria-describedby=\"wp-block-file--media-6ba6628d-5c0c-4ad4-83c3-eaa900976d20\">Download<\/a><\/div>\n\n\n\n<div class=\"wp-block-file\"><a id=\"wp-block-file--media-f3d852ab-886a-48ef-b591-ca2e604cea61\" href=\"https:\/\/www.uicbasilicata.it\/wp-content\/uploads\/2023\/05\/GEMELLO-DIGITALE_CS.pdf\" target=\"_blank\" rel=\"noreferrer noopener\">Comunicato stampa<\/a><a href=\"https:\/\/www.uicbasilicata.it\/wp-content\/uploads\/2023\/05\/GEMELLO-DIGITALE_CS.pdf\" class=\"wp-block-file__button wp-element-button\" download aria-describedby=\"wp-block-file--media-f3d852ab-886a-48ef-b591-ca2e604cea61\">Download<\/a><\/div>\n\n\n\n<p class=\"wp-block-paragraph\"><strong>Rassegna stampa<\/strong><\/p>\n\n\n\n<p class=\"wp-block-paragraph\">ANSA  Basilicata &#8211; <a href=\"https:\/\/www.ansa.it\/basilicata\/notizie\/2023\/05\/12\/il-museo-di-melfi-sara-trasformato-in-una-realta-virtuale_237cc579-5d55-4896-a483-1feb7ad29ff4.html\">Il museo di Melfi sar\u00e0 trasformato in una realt\u00e0 virtuale. Il progetto &#8220;Digital twins&#8221; per una cultura accessibile a tutti<\/a><\/p>\n\n\n\n<p class=\"wp-block-paragraph\">Cronache &#8211; <a href=\"https:\/\/youtu.be\/vu3lrYQrgiU\">IL MUSEO DI MELFI NELLA REALT\u00c0 VIRTUALE Il progetto &#8220;Gemelli digitali&#8221; per una cultura accessibile e inclusiva<\/a><\/p>\n\n\n\n<p class=\"wp-block-paragraph\"><a href=\"https:\/\/www.uicbasilicata.it\/wp-content\/uploads\/2023\/05\/La-nuova-del-sud-13-maggio.jpg\">La nuova del sud del 13 maggio 2023<\/a><\/p>\n\n\n\n<p class=\"wp-block-paragraph\">Presentazione del &#8220;Gemello digitale&#8221; del museo Massimo Pallottino di Melfi &#8211; <a href=\"https:\/\/youtu.be\/CO16VgjVI4o\">TGR Basilicata, ore 14 &nbsp;del 15 maggio 2023<\/a><br>La nuva TV:&nbsp;<a href=\"https:\/\/youtu.be\/sC3z3uri-aU\" target=\"_blank\" rel=\"noreferrer noopener\">https:\/\/youtu.be\/sC3z3uri-aU<\/a><\/p>\n\n\n\n<p class=\"wp-block-paragraph\">Presentazione del &#8220;Gemello digitale&#8221;, approfondimento <a href=\"https:\/\/youtu.be\/HxEnOJxeg1w\">Lucananetweb TV<\/a><\/p>\n\n\n\n<p class=\"wp-block-paragraph\"><br><br><\/p>\n","protected":false},"excerpt":{"rendered":"<p>Guarda il tour virtuale del gemello digitale del Museo Archeologico &#8220;Massimo Pallottino&#8221; di melfi, presentato luned\u00ec 15 maggio 2023 presso la sala consiliare del comune di Melfi. Una visita immersiva che vi condurr\u00e0 attraverso le sale del museo e i piani del castellon che \u00e8 stata la dimora federiciana. Una ragione in pi\u00f9 per conoscere [&hellip;]<\/p>\n","protected":false},"author":2,"featured_media":2580,"comment_status":"open","ping_status":"open","sticky":false,"template":"","format":"standard","meta":{"footnotes":""},"categories":[2],"tags":[],"class_list":["post-2521","post","type-post","status-publish","format-standard","has-post-thumbnail","hentry","category-news-eventi"],"yoast_head":"<!-- This site is optimized with the Yoast SEO plugin v28.3 - https:\/\/yoast.com\/product\/yoast-seo-wordpress\/ -->\n<title>Tour virtuale, on line dal 17 giugno 2023 | Uici Basilicata<\/title>\n<meta name=\"robots\" content=\"noindex, follow\" \/>\n<meta property=\"og:locale\" content=\"it_IT\" \/>\n<meta property=\"og:type\" content=\"article\" \/>\n<meta property=\"og:title\" content=\"Tour virtuale, on line dal 17 giugno 2023 | Uici Basilicata\" \/>\n<meta property=\"og:description\" content=\"Guarda il tour virtuale del gemello digitale del Museo Archeologico &#8220;Massimo Pallottino&#8221; di melfi, presentato luned\u00ec 15 maggio 2023 presso la sala consiliare del comune di Melfi. Una visita immersiva che vi condurr\u00e0 attraverso le sale del museo e i piani del castellon che \u00e8 stata la dimora federiciana. Una ragione in pi\u00f9 per conoscere [&hellip;]\" \/>\n<meta property=\"og:url\" content=\"https:\/\/www.uicbasilicata.it\/?p=2521\" \/>\n<meta property=\"og:site_name\" content=\"Uici Basilicata\" \/>\n<meta property=\"article:published_time\" content=\"2023-05-12T20:49:00+00:00\" \/>\n<meta property=\"article:modified_time\" content=\"2023-06-19T09:16:28+00:00\" \/>\n<meta property=\"og:image\" content=\"http:\/\/www.uicbasilicata.it\/wp-content\/uploads\/2023\/05\/museo.png\" \/>\n\t<meta property=\"og:image:width\" content=\"1279\" \/>\n\t<meta property=\"og:image:height\" content=\"676\" \/>\n\t<meta property=\"og:image:type\" content=\"image\/png\" \/>\n<meta name=\"author\" content=\"Maria Buoncristiano\" \/>\n<meta name=\"twitter:card\" content=\"summary_large_image\" \/>\n<meta name=\"twitter:label1\" content=\"Scritto da\" \/>\n\t<meta name=\"twitter:data1\" content=\"\" \/>\n\t<meta name=\"twitter:label2\" content=\"Tempo di lettura stimato\" \/>\n\t<meta name=\"twitter:data2\" content=\"2 minuti\" \/>\n<script type=\"application\/ld+json\" class=\"yoast-schema-graph\">{\"@context\":\"https:\\\/\\\/schema.org\",\"@graph\":[{\"@type\":\"Article\",\"@id\":\"https:\\\/\\\/www.uicbasilicata.it\\\/?p=2521#article\",\"isPartOf\":{\"@id\":\"https:\\\/\\\/www.uicbasilicata.it\\\/?p=2521\"},\"author\":{\"name\":\"Maria Buoncristiano\",\"@id\":\"https:\\\/\\\/www.uicbasilicata.it\\\/#\\\/schema\\\/person\\\/815bb9ebb781db781c61046027bf9bf1\"},\"headline\":\"Tour virtuale, on line dal 17 giugno 2023\",\"datePublished\":\"2023-05-12T20:49:00+00:00\",\"dateModified\":\"2023-06-19T09:16:28+00:00\",\"mainEntityOfPage\":{\"@id\":\"https:\\\/\\\/www.uicbasilicata.it\\\/?p=2521\"},\"wordCount\":276,\"commentCount\":0,\"publisher\":{\"@id\":\"https:\\\/\\\/www.uicbasilicata.it\\\/#organization\"},\"image\":{\"@id\":\"https:\\\/\\\/www.uicbasilicata.it\\\/?p=2521#primaryimage\"},\"thumbnailUrl\":\"https:\\\/\\\/www.uicbasilicata.it\\\/wp-content\\\/uploads\\\/2023\\\/05\\\/museo.png\",\"articleSection\":[\"News &amp; Eventi\"],\"inLanguage\":\"it-IT\",\"potentialAction\":[{\"@type\":\"CommentAction\",\"name\":\"Comment\",\"target\":[\"https:\\\/\\\/www.uicbasilicata.it\\\/?p=2521#respond\"]}]},{\"@type\":\"WebPage\",\"@id\":\"https:\\\/\\\/www.uicbasilicata.it\\\/?p=2521\",\"url\":\"https:\\\/\\\/www.uicbasilicata.it\\\/?p=2521\",\"name\":\"Tour virtuale, on line dal 17 giugno 2023 | Uici Basilicata\",\"isPartOf\":{\"@id\":\"https:\\\/\\\/www.uicbasilicata.it\\\/#website\"},\"primaryImageOfPage\":{\"@id\":\"https:\\\/\\\/www.uicbasilicata.it\\\/?p=2521#primaryimage\"},\"image\":{\"@id\":\"https:\\\/\\\/www.uicbasilicata.it\\\/?p=2521#primaryimage\"},\"thumbnailUrl\":\"https:\\\/\\\/www.uicbasilicata.it\\\/wp-content\\\/uploads\\\/2023\\\/05\\\/museo.png\",\"datePublished\":\"2023-05-12T20:49:00+00:00\",\"dateModified\":\"2023-06-19T09:16:28+00:00\",\"breadcrumb\":{\"@id\":\"https:\\\/\\\/www.uicbasilicata.it\\\/?p=2521#breadcrumb\"},\"inLanguage\":\"it-IT\",\"potentialAction\":[{\"@type\":\"ReadAction\",\"target\":[\"https:\\\/\\\/www.uicbasilicata.it\\\/?p=2521\"]}]},{\"@type\":\"ImageObject\",\"inLanguage\":\"it-IT\",\"@id\":\"https:\\\/\\\/www.uicbasilicata.it\\\/?p=2521#primaryimage\",\"url\":\"https:\\\/\\\/www.uicbasilicata.it\\\/wp-content\\\/uploads\\\/2023\\\/05\\\/museo.png\",\"contentUrl\":\"https:\\\/\\\/www.uicbasilicata.it\\\/wp-content\\\/uploads\\\/2023\\\/05\\\/museo.png\",\"width\":1279,\"height\":676},{\"@type\":\"BreadcrumbList\",\"@id\":\"https:\\\/\\\/www.uicbasilicata.it\\\/?p=2521#breadcrumb\",\"itemListElement\":[{\"@type\":\"ListItem\",\"position\":1,\"name\":\"Home\",\"item\":\"https:\\\/\\\/www.uicbasilicata.it\\\/\"},{\"@type\":\"ListItem\",\"position\":2,\"name\":\"Tour virtuale, on line dal 17 giugno 2023\"}]},{\"@type\":\"WebSite\",\"@id\":\"https:\\\/\\\/www.uicbasilicata.it\\\/#website\",\"url\":\"https:\\\/\\\/www.uicbasilicata.it\\\/\",\"name\":\"Uici Basilicata\",\"description\":\"Unione Italiana Ciechi ed Ipovedenti\",\"publisher\":{\"@id\":\"https:\\\/\\\/www.uicbasilicata.it\\\/#organization\"},\"potentialAction\":[{\"@type\":\"SearchAction\",\"target\":{\"@type\":\"EntryPoint\",\"urlTemplate\":\"https:\\\/\\\/www.uicbasilicata.it\\\/?s={search_term_string}\"},\"query-input\":{\"@type\":\"PropertyValueSpecification\",\"valueRequired\":true,\"valueName\":\"search_term_string\"}}],\"inLanguage\":\"it-IT\"},{\"@type\":\"Organization\",\"@id\":\"https:\\\/\\\/www.uicbasilicata.it\\\/#organization\",\"name\":\"UICI Basilicata\",\"url\":\"https:\\\/\\\/www.uicbasilicata.it\\\/\",\"logo\":{\"@type\":\"ImageObject\",\"inLanguage\":\"it-IT\",\"@id\":\"https:\\\/\\\/www.uicbasilicata.it\\\/#\\\/schema\\\/logo\\\/image\\\/\",\"url\":\"http:\\\/\\\/www.uicbasilicata.it\\\/wp-content\\\/uploads\\\/2020\\\/12\\\/cropped-Logo-Definitivo.png\",\"contentUrl\":\"http:\\\/\\\/www.uicbasilicata.it\\\/wp-content\\\/uploads\\\/2020\\\/12\\\/cropped-Logo-Definitivo.png\",\"width\":6300,\"height\":2972,\"caption\":\"UICI Basilicata\"},\"image\":{\"@id\":\"https:\\\/\\\/www.uicbasilicata.it\\\/#\\\/schema\\\/logo\\\/image\\\/\"},\"sameAs\":[\"https:\\\/\\\/www.instagram.com\\\/uicibasilicata\\\/?hl=it\"]},{\"@type\":\"Person\",\"@id\":\"https:\\\/\\\/www.uicbasilicata.it\\\/#\\\/schema\\\/person\\\/815bb9ebb781db781c61046027bf9bf1\",\"name\":\"Maria Buoncristiano\",\"image\":{\"@type\":\"ImageObject\",\"inLanguage\":\"it-IT\",\"@id\":\"https:\\\/\\\/secure.gravatar.com\\\/avatar\\\/59c9cde34a9194ee9b2c169a43ad231ba974ebae159e28791fce4c9771b31b7d?s=96&d=mm&r=g\",\"url\":\"https:\\\/\\\/secure.gravatar.com\\\/avatar\\\/59c9cde34a9194ee9b2c169a43ad231ba974ebae159e28791fce4c9771b31b7d?s=96&d=mm&r=g\",\"contentUrl\":\"https:\\\/\\\/secure.gravatar.com\\\/avatar\\\/59c9cde34a9194ee9b2c169a43ad231ba974ebae159e28791fce4c9771b31b7d?s=96&d=mm&r=g\",\"caption\":\"Maria Buoncristiano\"},\"url\":\"https:\\\/\\\/www.uicbasilicata.it\\\/?author=2\"}]}<\/script>\n<!-- \/ Yoast SEO plugin. -->","yoast_head_json":{"title":"Tour virtuale, on line dal 17 giugno 2023 | Uici Basilicata","robots":{"index":"noindex","follow":"follow"},"og_locale":"it_IT","og_type":"article","og_title":"Tour virtuale, on line dal 17 giugno 2023 | Uici Basilicata","og_description":"Guarda il tour virtuale del gemello digitale del Museo Archeologico &#8220;Massimo Pallottino&#8221; di melfi, presentato luned\u00ec 15 maggio 2023 presso la sala consiliare del comune di Melfi. Una visita immersiva che vi condurr\u00e0 attraverso le sale del museo e i piani del castellon che \u00e8 stata la dimora federiciana. Una ragione in pi\u00f9 per conoscere [&hellip;]","og_url":"https:\/\/www.uicbasilicata.it\/?p=2521","og_site_name":"Uici Basilicata","article_published_time":"2023-05-12T20:49:00+00:00","article_modified_time":"2023-06-19T09:16:28+00:00","og_image":[{"width":1279,"height":676,"url":"http:\/\/www.uicbasilicata.it\/wp-content\/uploads\/2023\/05\/museo.png","type":"image\/png"}],"author":"Maria Buoncristiano","twitter_card":"summary_large_image","twitter_misc":{"Scritto da":false,"Tempo di lettura stimato":"2 minuti"},"schema":{"@context":"https:\/\/schema.org","@graph":[{"@type":"Article","@id":"https:\/\/www.uicbasilicata.it\/?p=2521#article","isPartOf":{"@id":"https:\/\/www.uicbasilicata.it\/?p=2521"},"author":{"name":"Maria Buoncristiano","@id":"https:\/\/www.uicbasilicata.it\/#\/schema\/person\/815bb9ebb781db781c61046027bf9bf1"},"headline":"Tour virtuale, on line dal 17 giugno 2023","datePublished":"2023-05-12T20:49:00+00:00","dateModified":"2023-06-19T09:16:28+00:00","mainEntityOfPage":{"@id":"https:\/\/www.uicbasilicata.it\/?p=2521"},"wordCount":276,"commentCount":0,"publisher":{"@id":"https:\/\/www.uicbasilicata.it\/#organization"},"image":{"@id":"https:\/\/www.uicbasilicata.it\/?p=2521#primaryimage"},"thumbnailUrl":"https:\/\/www.uicbasilicata.it\/wp-content\/uploads\/2023\/05\/museo.png","articleSection":["News &amp; Eventi"],"inLanguage":"it-IT","potentialAction":[{"@type":"CommentAction","name":"Comment","target":["https:\/\/www.uicbasilicata.it\/?p=2521#respond"]}]},{"@type":"WebPage","@id":"https:\/\/www.uicbasilicata.it\/?p=2521","url":"https:\/\/www.uicbasilicata.it\/?p=2521","name":"Tour virtuale, on line dal 17 giugno 2023 | Uici Basilicata","isPartOf":{"@id":"https:\/\/www.uicbasilicata.it\/#website"},"primaryImageOfPage":{"@id":"https:\/\/www.uicbasilicata.it\/?p=2521#primaryimage"},"image":{"@id":"https:\/\/www.uicbasilicata.it\/?p=2521#primaryimage"},"thumbnailUrl":"https:\/\/www.uicbasilicata.it\/wp-content\/uploads\/2023\/05\/museo.png","datePublished":"2023-05-12T20:49:00+00:00","dateModified":"2023-06-19T09:16:28+00:00","breadcrumb":{"@id":"https:\/\/www.uicbasilicata.it\/?p=2521#breadcrumb"},"inLanguage":"it-IT","potentialAction":[{"@type":"ReadAction","target":["https:\/\/www.uicbasilicata.it\/?p=2521"]}]},{"@type":"ImageObject","inLanguage":"it-IT","@id":"https:\/\/www.uicbasilicata.it\/?p=2521#primaryimage","url":"https:\/\/www.uicbasilicata.it\/wp-content\/uploads\/2023\/05\/museo.png","contentUrl":"https:\/\/www.uicbasilicata.it\/wp-content\/uploads\/2023\/05\/museo.png","width":1279,"height":676},{"@type":"BreadcrumbList","@id":"https:\/\/www.uicbasilicata.it\/?p=2521#breadcrumb","itemListElement":[{"@type":"ListItem","position":1,"name":"Home","item":"https:\/\/www.uicbasilicata.it\/"},{"@type":"ListItem","position":2,"name":"Tour virtuale, on line dal 17 giugno 2023"}]},{"@type":"WebSite","@id":"https:\/\/www.uicbasilicata.it\/#website","url":"https:\/\/www.uicbasilicata.it\/","name":"Uici Basilicata","description":"Unione Italiana Ciechi ed Ipovedenti","publisher":{"@id":"https:\/\/www.uicbasilicata.it\/#organization"},"potentialAction":[{"@type":"SearchAction","target":{"@type":"EntryPoint","urlTemplate":"https:\/\/www.uicbasilicata.it\/?s={search_term_string}"},"query-input":{"@type":"PropertyValueSpecification","valueRequired":true,"valueName":"search_term_string"}}],"inLanguage":"it-IT"},{"@type":"Organization","@id":"https:\/\/www.uicbasilicata.it\/#organization","name":"UICI Basilicata","url":"https:\/\/www.uicbasilicata.it\/","logo":{"@type":"ImageObject","inLanguage":"it-IT","@id":"https:\/\/www.uicbasilicata.it\/#\/schema\/logo\/image\/","url":"http:\/\/www.uicbasilicata.it\/wp-content\/uploads\/2020\/12\/cropped-Logo-Definitivo.png","contentUrl":"http:\/\/www.uicbasilicata.it\/wp-content\/uploads\/2020\/12\/cropped-Logo-Definitivo.png","width":6300,"height":2972,"caption":"UICI Basilicata"},"image":{"@id":"https:\/\/www.uicbasilicata.it\/#\/schema\/logo\/image\/"},"sameAs":["https:\/\/www.instagram.com\/uicibasilicata\/?hl=it"]},{"@type":"Person","@id":"https:\/\/www.uicbasilicata.it\/#\/schema\/person\/815bb9ebb781db781c61046027bf9bf1","name":"Maria Buoncristiano","image":{"@type":"ImageObject","inLanguage":"it-IT","@id":"https:\/\/secure.gravatar.com\/avatar\/59c9cde34a9194ee9b2c169a43ad231ba974ebae159e28791fce4c9771b31b7d?s=96&d=mm&r=g","url":"https:\/\/secure.gravatar.com\/avatar\/59c9cde34a9194ee9b2c169a43ad231ba974ebae159e28791fce4c9771b31b7d?s=96&d=mm&r=g","contentUrl":"https:\/\/secure.gravatar.com\/avatar\/59c9cde34a9194ee9b2c169a43ad231ba974ebae159e28791fce4c9771b31b7d?s=96&d=mm&r=g","caption":"Maria Buoncristiano"},"url":"https:\/\/www.uicbasilicata.it\/?author=2"}]}},"_links":{"self":[{"href":"https:\/\/www.uicbasilicata.it\/index.php?rest_route=\/wp\/v2\/posts\/2521","targetHints":{"allow":["GET"]}}],"collection":[{"href":"https:\/\/www.uicbasilicata.it\/index.php?rest_route=\/wp\/v2\/posts"}],"about":[{"href":"https:\/\/www.uicbasilicata.it\/index.php?rest_route=\/wp\/v2\/types\/post"}],"author":[{"embeddable":true,"href":"https:\/\/www.uicbasilicata.it\/index.php?rest_route=\/wp\/v2\/users\/2"}],"replies":[{"embeddable":true,"href":"https:\/\/www.uicbasilicata.it\/index.php?rest_route=%2Fwp%2Fv2%2Fcomments&post=2521"}],"version-history":[{"count":10,"href":"https:\/\/www.uicbasilicata.it\/index.php?rest_route=\/wp\/v2\/posts\/2521\/revisions"}],"predecessor-version":[{"id":2579,"href":"https:\/\/www.uicbasilicata.it\/index.php?rest_route=\/wp\/v2\/posts\/2521\/revisions\/2579"}],"wp:featuredmedia":[{"embeddable":true,"href":"https:\/\/www.uicbasilicata.it\/index.php?rest_route=\/wp\/v2\/media\/2580"}],"wp:attachment":[{"href":"https:\/\/www.uicbasilicata.it\/index.php?rest_route=%2Fwp%2Fv2%2Fmedia&parent=2521"}],"wp:term":[{"taxonomy":"category","embeddable":true,"href":"https:\/\/www.uicbasilicata.it\/index.php?rest_route=%2Fwp%2Fv2%2Fcategories&post=2521"},{"taxonomy":"post_tag","embeddable":true,"href":"https:\/\/www.uicbasilicata.it\/index.php?rest_route=%2Fwp%2Fv2%2Ftags&post=2521"}],"curies":[{"name":"wp","href":"https:\/\/api.w.org\/{rel}","templated":true}]}}