{"id":2456,"date":"2023-04-28T11:28:00","date_gmt":"2023-04-28T11:28:00","guid":{"rendered":"https:\/\/www.uicbasilicata.it\/?p=2456"},"modified":"2023-05-12T21:03:27","modified_gmt":"2023-05-12T21:03:27","slug":"protocollo-cprp-e-uici","status":"publish","type":"post","link":"https:\/\/www.uicbasilicata.it\/?p=2456","title":{"rendered":"Protocollo CPRO e UICI"},"content":{"rendered":"\n<p class=\"wp-block-paragraph\">Venerd\u00ec 14 aprile, alle ore 11,00 presso la Sala B del Consiglio regionale \u00e8 stato  firmato il Protocollo di intesa tra la Commissione Regionale Pari Opportunit\u00e0 e l\u2019Unione italiana dei Ciechi e degli Ipovedenti (UICI)  di Basilicata.<br>\u201cL\u2019obiettivo \u00e8 svolgere un lavoro congiunto per promuovere le pari opportunit\u00e0 tra i generi, anche in condizioni di disabilit\u00e0, favorire la piena inclusione in ogni ambito della vita, la realizzazione lavorativa delle donne cieche e ipovedenti\u201d&#8230;..<\/p>\n\n\n\n<div class=\"wp-block-file\"><a id=\"wp-block-file--media-5dca87fe-2a06-4870-b89b-0a85a9bd6b61\" href=\"https:\/\/www.uicbasilicata.it\/wp-content\/uploads\/2023\/04\/Protocollo-CRPO-UNIONE-CIECHI.pdf\" target=\"_blank\" rel=\"noreferrer noopener\">Protocollo-CRPO-UICI  firmato<\/a><a href=\"https:\/\/www.uicbasilicata.it\/wp-content\/uploads\/2023\/04\/Protocollo-CRPO-UNIONE-CIECHI.pdf\" class=\"wp-block-file__button wp-element-button\" download aria-describedby=\"wp-block-file--media-5dca87fe-2a06-4870-b89b-0a85a9bd6b61\">Download<\/a><\/div>\n\n\n\n<div class=\"wp-block-file\"><a id=\"wp-block-file--media-b92ebc15-d235-4543-b580-73ac3d092277\" href=\"https:\/\/www.uicbasilicata.it\/wp-content\/uploads\/2023\/04\/Protocollo-di-intesa-UIC-Basilicata-e-CRPO.pdf\" target=\"_blank\" rel=\"noreferrer noopener\">Protocollo CRPO &#8211; UICI senza firme (accessibile)<\/a><a href=\"https:\/\/www.uicbasilicata.it\/wp-content\/uploads\/2023\/04\/Protocollo-di-intesa-UIC-Basilicata-e-CRPO.pdf\" class=\"wp-block-file__button wp-element-button\" download aria-describedby=\"wp-block-file--media-b92ebc15-d235-4543-b580-73ac3d092277\">Download<\/a><\/div>\n\n\n\n<p class=\"wp-block-paragraph\"><strong>Rassegna stampa<\/strong><\/p>\n\n\n\n<div class=\"wp-block-file\"><a id=\"wp-block-file--media-f7293617-075c-4581-b10a-ce58d62a2c02\" href=\"https:\/\/www.uicbasilicata.it\/wp-content\/uploads\/2023\/04\/Basilicata-24-ore.jpg\">Basilicata-24-ore<\/a><a href=\"https:\/\/www.uicbasilicata.it\/wp-content\/uploads\/2023\/04\/Basilicata-24-ore.jpg\" class=\"wp-block-file__button wp-element-button\" download aria-describedby=\"wp-block-file--media-f7293617-075c-4581-b10a-ce58d62a2c02\">Download<\/a><\/div>\n\n\n\n<p class=\"wp-block-paragraph\"><a href=\"https:\/\/youtu.be\/j0Smj73YZXo\">TG digitale terrestre canale 16<\/a><br><a href=\"https:\/\/www.lagazzettadelmezzogiorno.it\/video\/potenza\/1393496\/potenza-un-intesa-per-promuovere-pari-opportunita-anche-in-condizioni-di-disabilita.html\">Gazzetta del mezzogiorno<\/a><br><a href=\"https:\/\/www.trmtv.it\/attualita\/2023_04_14\/373184.html\">TRM<\/a><br><a href=\"https:\/\/www.lecronachelucane.it\/2023\/04\/14\/parita-protocollo-dintesa-tra-crpo-e-uici\/\">Cronache lucane<\/a><\/p>\n\n\n\n<figure class=\"wp-block-gallery has-nested-images columns-default is-cropped wp-block-gallery-1 is-layout-flex wp-block-gallery-is-layout-flex\">\n<figure class=\"wp-block-image size-large\"><img fetchpriority=\"high\" decoding=\"async\" width=\"1024\" height=\"705\" data-id=\"2473\" src=\"https:\/\/www.uicbasilicata.it\/wp-content\/uploads\/2023\/04\/1-1024x705.jpg\" alt=\"\" class=\"wp-image-2473\" srcset=\"https:\/\/www.uicbasilicata.it\/wp-content\/uploads\/2023\/04\/1-1024x705.jpg 1024w, https:\/\/www.uicbasilicata.it\/wp-content\/uploads\/2023\/04\/1-300x207.jpg 300w, https:\/\/www.uicbasilicata.it\/wp-content\/uploads\/2023\/04\/1-768x529.jpg 768w, https:\/\/www.uicbasilicata.it\/wp-content\/uploads\/2023\/04\/1-1536x1058.jpg 1536w, https:\/\/www.uicbasilicata.it\/wp-content\/uploads\/2023\/04\/1.jpg 1600w\" sizes=\"(max-width: 1024px) 100vw, 1024px\" \/><\/figure>\n\n\n\n<figure class=\"wp-block-image size-large\"><img decoding=\"async\" width=\"1024\" height=\"666\" data-id=\"2476\" src=\"https:\/\/www.uicbasilicata.it\/wp-content\/uploads\/2023\/04\/2-1024x666.jpg\" alt=\"\" class=\"wp-image-2476\" srcset=\"https:\/\/www.uicbasilicata.it\/wp-content\/uploads\/2023\/04\/2-1024x666.jpg 1024w, https:\/\/www.uicbasilicata.it\/wp-content\/uploads\/2023\/04\/2-300x195.jpg 300w, https:\/\/www.uicbasilicata.it\/wp-content\/uploads\/2023\/04\/2-768x499.jpg 768w, https:\/\/www.uicbasilicata.it\/wp-content\/uploads\/2023\/04\/2-1536x998.jpg 1536w, https:\/\/www.uicbasilicata.it\/wp-content\/uploads\/2023\/04\/2.jpg 1600w\" sizes=\"(max-width: 1024px) 100vw, 1024px\" \/><\/figure>\n\n\n\n<figure class=\"wp-block-image size-large\"><img decoding=\"async\" width=\"1024\" height=\"646\" data-id=\"2477\" src=\"https:\/\/www.uicbasilicata.it\/wp-content\/uploads\/2023\/04\/3-1024x646.jpg\" alt=\"\" class=\"wp-image-2477\" srcset=\"https:\/\/www.uicbasilicata.it\/wp-content\/uploads\/2023\/04\/3-1024x646.jpg 1024w, https:\/\/www.uicbasilicata.it\/wp-content\/uploads\/2023\/04\/3-300x189.jpg 300w, https:\/\/www.uicbasilicata.it\/wp-content\/uploads\/2023\/04\/3-768x485.jpg 768w, https:\/\/www.uicbasilicata.it\/wp-content\/uploads\/2023\/04\/3-1536x970.jpg 1536w, https:\/\/www.uicbasilicata.it\/wp-content\/uploads\/2023\/04\/3.jpg 1600w\" sizes=\"(max-width: 1024px) 100vw, 1024px\" \/><\/figure>\n\n\n\n<figure class=\"wp-block-image size-large\"><img loading=\"lazy\" decoding=\"async\" width=\"1024\" height=\"722\" data-id=\"2474\" src=\"https:\/\/www.uicbasilicata.it\/wp-content\/uploads\/2023\/04\/4-1024x722.jpg\" alt=\"\" class=\"wp-image-2474\" srcset=\"https:\/\/www.uicbasilicata.it\/wp-content\/uploads\/2023\/04\/4-1024x722.jpg 1024w, https:\/\/www.uicbasilicata.it\/wp-content\/uploads\/2023\/04\/4-300x212.jpg 300w, https:\/\/www.uicbasilicata.it\/wp-content\/uploads\/2023\/04\/4-768x541.jpg 768w, https:\/\/www.uicbasilicata.it\/wp-content\/uploads\/2023\/04\/4-1536x1083.jpg 1536w, https:\/\/www.uicbasilicata.it\/wp-content\/uploads\/2023\/04\/4.jpg 1600w\" sizes=\"(max-width: 1024px) 100vw, 1024px\" \/><\/figure>\n\n\n\n<figure class=\"wp-block-image size-large\"><img loading=\"lazy\" decoding=\"async\" width=\"1024\" height=\"768\" data-id=\"2472\" src=\"https:\/\/www.uicbasilicata.it\/wp-content\/uploads\/2023\/04\/5.jpg\" alt=\"\" class=\"wp-image-2472\" srcset=\"https:\/\/www.uicbasilicata.it\/wp-content\/uploads\/2023\/04\/5.jpg 1024w, https:\/\/www.uicbasilicata.it\/wp-content\/uploads\/2023\/04\/5-300x225.jpg 300w, https:\/\/www.uicbasilicata.it\/wp-content\/uploads\/2023\/04\/5-768x576.jpg 768w\" sizes=\"(max-width: 1024px) 100vw, 1024px\" \/><\/figure>\n\n\n\n<figure class=\"wp-block-image size-large\"><img loading=\"lazy\" decoding=\"async\" width=\"1024\" height=\"768\" data-id=\"2475\" src=\"https:\/\/www.uicbasilicata.it\/wp-content\/uploads\/2023\/04\/6.jpg\" alt=\"\" class=\"wp-image-2475\" srcset=\"https:\/\/www.uicbasilicata.it\/wp-content\/uploads\/2023\/04\/6.jpg 1024w, https:\/\/www.uicbasilicata.it\/wp-content\/uploads\/2023\/04\/6-300x225.jpg 300w, https:\/\/www.uicbasilicata.it\/wp-content\/uploads\/2023\/04\/6-768x576.jpg 768w\" sizes=\"(max-width: 1024px) 100vw, 1024px\" \/><\/figure>\n<\/figure>\n","protected":false},"excerpt":{"rendered":"<p>Venerd\u00ec 14 aprile, alle ore 11,00 presso la Sala B del Consiglio regionale \u00e8 stato firmato il Protocollo di intesa tra la Commissione Regionale Pari Opportunit\u00e0 e l\u2019Unione italiana dei Ciechi e degli Ipovedenti (UICI) di Basilicata.\u201cL\u2019obiettivo \u00e8 svolgere un lavoro congiunto per promuovere le pari opportunit\u00e0 tra i generi, anche in condizioni di disabilit\u00e0, [&hellip;]<\/p>\n","protected":false},"author":3,"featured_media":2461,"comment_status":"open","ping_status":"open","sticky":false,"template":"","format":"standard","meta":{"footnotes":""},"categories":[2],"tags":[],"class_list":["post-2456","post","type-post","status-publish","format-standard","has-post-thumbnail","hentry","category-news-eventi"],"yoast_head":"<!-- This site is optimized with the Yoast SEO plugin v28.3 - https:\/\/yoast.com\/product\/yoast-seo-wordpress\/ -->\n<title>Protocollo CPRO e UICI | Uici Basilicata<\/title>\n<meta name=\"robots\" content=\"noindex, follow\" \/>\n<meta property=\"og:locale\" content=\"it_IT\" \/>\n<meta property=\"og:type\" content=\"article\" \/>\n<meta property=\"og:title\" content=\"Protocollo CPRO e UICI | Uici Basilicata\" \/>\n<meta property=\"og:description\" content=\"Venerd\u00ec 14 aprile, alle ore 11,00 presso la Sala B del Consiglio regionale \u00e8 stato firmato il Protocollo di intesa tra la Commissione Regionale Pari Opportunit\u00e0 e l\u2019Unione italiana dei Ciechi e degli Ipovedenti (UICI) di Basilicata.\u201cL\u2019obiettivo \u00e8 svolgere un lavoro congiunto per promuovere le pari opportunit\u00e0 tra i generi, anche in condizioni di disabilit\u00e0, [&hellip;]\" \/>\n<meta property=\"og:url\" content=\"https:\/\/www.uicbasilicata.it\/?p=2456\" \/>\n<meta property=\"og:site_name\" content=\"Uici Basilicata\" \/>\n<meta property=\"article:published_time\" content=\"2023-04-28T11:28:00+00:00\" \/>\n<meta property=\"article:modified_time\" content=\"2023-05-12T21:03:27+00:00\" \/>\n<meta property=\"og:image\" content=\"http:\/\/www.uicbasilicata.it\/wp-content\/uploads\/2023\/04\/firma.jpg\" \/>\n\t<meta property=\"og:image:width\" content=\"1024\" \/>\n\t<meta property=\"og:image:height\" content=\"683\" \/>\n\t<meta property=\"og:image:type\" content=\"image\/jpeg\" \/>\n<meta name=\"author\" content=\"Uici Basilicata\" \/>\n<meta name=\"twitter:card\" content=\"summary_large_image\" \/>\n<meta name=\"twitter:label1\" content=\"Scritto da\" \/>\n\t<meta name=\"twitter:data1\" content=\"\" \/>\n\t<meta name=\"twitter:label2\" content=\"Tempo di lettura stimato\" \/>\n\t<meta name=\"twitter:data2\" content=\"2 minuti\" \/>\n<script type=\"application\/ld+json\" class=\"yoast-schema-graph\">{\"@context\":\"https:\\\/\\\/schema.org\",\"@graph\":[{\"@type\":\"Article\",\"@id\":\"https:\\\/\\\/www.uicbasilicata.it\\\/?p=2456#article\",\"isPartOf\":{\"@id\":\"https:\\\/\\\/www.uicbasilicata.it\\\/?p=2456\"},\"author\":{\"name\":\"Uici Basilicata\",\"@id\":\"https:\\\/\\\/www.uicbasilicata.it\\\/#\\\/schema\\\/person\\\/b61f8ef2c4559759074b29ee2356fa2f\"},\"headline\":\"Protocollo CPRO e UICI\",\"datePublished\":\"2023-04-28T11:28:00+00:00\",\"dateModified\":\"2023-05-12T21:03:27+00:00\",\"mainEntityOfPage\":{\"@id\":\"https:\\\/\\\/www.uicbasilicata.it\\\/?p=2456\"},\"wordCount\":101,\"commentCount\":0,\"publisher\":{\"@id\":\"https:\\\/\\\/www.uicbasilicata.it\\\/#organization\"},\"image\":{\"@id\":\"https:\\\/\\\/www.uicbasilicata.it\\\/?p=2456#primaryimage\"},\"thumbnailUrl\":\"https:\\\/\\\/www.uicbasilicata.it\\\/wp-content\\\/uploads\\\/2023\\\/04\\\/firma.jpg\",\"articleSection\":[\"News &amp; Eventi\"],\"inLanguage\":\"it-IT\",\"potentialAction\":[{\"@type\":\"CommentAction\",\"name\":\"Comment\",\"target\":[\"https:\\\/\\\/www.uicbasilicata.it\\\/?p=2456#respond\"]}]},{\"@type\":\"WebPage\",\"@id\":\"https:\\\/\\\/www.uicbasilicata.it\\\/?p=2456\",\"url\":\"https:\\\/\\\/www.uicbasilicata.it\\\/?p=2456\",\"name\":\"Protocollo CPRO e UICI | Uici Basilicata\",\"isPartOf\":{\"@id\":\"https:\\\/\\\/www.uicbasilicata.it\\\/#website\"},\"primaryImageOfPage\":{\"@id\":\"https:\\\/\\\/www.uicbasilicata.it\\\/?p=2456#primaryimage\"},\"image\":{\"@id\":\"https:\\\/\\\/www.uicbasilicata.it\\\/?p=2456#primaryimage\"},\"thumbnailUrl\":\"https:\\\/\\\/www.uicbasilicata.it\\\/wp-content\\\/uploads\\\/2023\\\/04\\\/firma.jpg\",\"datePublished\":\"2023-04-28T11:28:00+00:00\",\"dateModified\":\"2023-05-12T21:03:27+00:00\",\"breadcrumb\":{\"@id\":\"https:\\\/\\\/www.uicbasilicata.it\\\/?p=2456#breadcrumb\"},\"inLanguage\":\"it-IT\",\"potentialAction\":[{\"@type\":\"ReadAction\",\"target\":[\"https:\\\/\\\/www.uicbasilicata.it\\\/?p=2456\"]}]},{\"@type\":\"ImageObject\",\"inLanguage\":\"it-IT\",\"@id\":\"https:\\\/\\\/www.uicbasilicata.it\\\/?p=2456#primaryimage\",\"url\":\"https:\\\/\\\/www.uicbasilicata.it\\\/wp-content\\\/uploads\\\/2023\\\/04\\\/firma.jpg\",\"contentUrl\":\"https:\\\/\\\/www.uicbasilicata.it\\\/wp-content\\\/uploads\\\/2023\\\/04\\\/firma.jpg\",\"width\":1024,\"height\":683},{\"@type\":\"BreadcrumbList\",\"@id\":\"https:\\\/\\\/www.uicbasilicata.it\\\/?p=2456#breadcrumb\",\"itemListElement\":[{\"@type\":\"ListItem\",\"position\":1,\"name\":\"Home\",\"item\":\"https:\\\/\\\/www.uicbasilicata.it\\\/\"},{\"@type\":\"ListItem\",\"position\":2,\"name\":\"Protocollo CPRO e UICI\"}]},{\"@type\":\"WebSite\",\"@id\":\"https:\\\/\\\/www.uicbasilicata.it\\\/#website\",\"url\":\"https:\\\/\\\/www.uicbasilicata.it\\\/\",\"name\":\"Uici Basilicata\",\"description\":\"Unione Italiana Ciechi ed Ipovedenti\",\"publisher\":{\"@id\":\"https:\\\/\\\/www.uicbasilicata.it\\\/#organization\"},\"potentialAction\":[{\"@type\":\"SearchAction\",\"target\":{\"@type\":\"EntryPoint\",\"urlTemplate\":\"https:\\\/\\\/www.uicbasilicata.it\\\/?s={search_term_string}\"},\"query-input\":{\"@type\":\"PropertyValueSpecification\",\"valueRequired\":true,\"valueName\":\"search_term_string\"}}],\"inLanguage\":\"it-IT\"},{\"@type\":\"Organization\",\"@id\":\"https:\\\/\\\/www.uicbasilicata.it\\\/#organization\",\"name\":\"UICI Basilicata\",\"url\":\"https:\\\/\\\/www.uicbasilicata.it\\\/\",\"logo\":{\"@type\":\"ImageObject\",\"inLanguage\":\"it-IT\",\"@id\":\"https:\\\/\\\/www.uicbasilicata.it\\\/#\\\/schema\\\/logo\\\/image\\\/\",\"url\":\"http:\\\/\\\/www.uicbasilicata.it\\\/wp-content\\\/uploads\\\/2020\\\/12\\\/cropped-Logo-Definitivo.png\",\"contentUrl\":\"http:\\\/\\\/www.uicbasilicata.it\\\/wp-content\\\/uploads\\\/2020\\\/12\\\/cropped-Logo-Definitivo.png\",\"width\":6300,\"height\":2972,\"caption\":\"UICI Basilicata\"},\"image\":{\"@id\":\"https:\\\/\\\/www.uicbasilicata.it\\\/#\\\/schema\\\/logo\\\/image\\\/\"},\"sameAs\":[\"https:\\\/\\\/www.instagram.com\\\/uicibasilicata\\\/?hl=it\"]},{\"@type\":\"Person\",\"@id\":\"https:\\\/\\\/www.uicbasilicata.it\\\/#\\\/schema\\\/person\\\/b61f8ef2c4559759074b29ee2356fa2f\",\"name\":\"Uici Basilicata\",\"image\":{\"@type\":\"ImageObject\",\"inLanguage\":\"it-IT\",\"@id\":\"https:\\\/\\\/secure.gravatar.com\\\/avatar\\\/7117452ed271e5ea741dd167d52ee58fa4664d6761036557a023fb86a3c98f99?s=96&d=mm&r=g\",\"url\":\"https:\\\/\\\/secure.gravatar.com\\\/avatar\\\/7117452ed271e5ea741dd167d52ee58fa4664d6761036557a023fb86a3c98f99?s=96&d=mm&r=g\",\"contentUrl\":\"https:\\\/\\\/secure.gravatar.com\\\/avatar\\\/7117452ed271e5ea741dd167d52ee58fa4664d6761036557a023fb86a3c98f99?s=96&d=mm&r=g\",\"caption\":\"Uici Basilicata\"},\"url\":\"https:\\\/\\\/www.uicbasilicata.it\\\/?author=3\"}]}<\/script>\n<!-- \/ Yoast SEO plugin. -->","yoast_head_json":{"title":"Protocollo CPRO e UICI | Uici Basilicata","robots":{"index":"noindex","follow":"follow"},"og_locale":"it_IT","og_type":"article","og_title":"Protocollo CPRO e UICI | Uici Basilicata","og_description":"Venerd\u00ec 14 aprile, alle ore 11,00 presso la Sala B del Consiglio regionale \u00e8 stato firmato il Protocollo di intesa tra la Commissione Regionale Pari Opportunit\u00e0 e l\u2019Unione italiana dei Ciechi e degli Ipovedenti (UICI) di Basilicata.\u201cL\u2019obiettivo \u00e8 svolgere un lavoro congiunto per promuovere le pari opportunit\u00e0 tra i generi, anche in condizioni di disabilit\u00e0, [&hellip;]","og_url":"https:\/\/www.uicbasilicata.it\/?p=2456","og_site_name":"Uici Basilicata","article_published_time":"2023-04-28T11:28:00+00:00","article_modified_time":"2023-05-12T21:03:27+00:00","og_image":[{"width":1024,"height":683,"url":"http:\/\/www.uicbasilicata.it\/wp-content\/uploads\/2023\/04\/firma.jpg","type":"image\/jpeg"}],"author":"Uici Basilicata","twitter_card":"summary_large_image","twitter_misc":{"Scritto da":false,"Tempo di lettura stimato":"2 minuti"},"schema":{"@context":"https:\/\/schema.org","@graph":[{"@type":"Article","@id":"https:\/\/www.uicbasilicata.it\/?p=2456#article","isPartOf":{"@id":"https:\/\/www.uicbasilicata.it\/?p=2456"},"author":{"name":"Uici Basilicata","@id":"https:\/\/www.uicbasilicata.it\/#\/schema\/person\/b61f8ef2c4559759074b29ee2356fa2f"},"headline":"Protocollo CPRO e UICI","datePublished":"2023-04-28T11:28:00+00:00","dateModified":"2023-05-12T21:03:27+00:00","mainEntityOfPage":{"@id":"https:\/\/www.uicbasilicata.it\/?p=2456"},"wordCount":101,"commentCount":0,"publisher":{"@id":"https:\/\/www.uicbasilicata.it\/#organization"},"image":{"@id":"https:\/\/www.uicbasilicata.it\/?p=2456#primaryimage"},"thumbnailUrl":"https:\/\/www.uicbasilicata.it\/wp-content\/uploads\/2023\/04\/firma.jpg","articleSection":["News &amp; Eventi"],"inLanguage":"it-IT","potentialAction":[{"@type":"CommentAction","name":"Comment","target":["https:\/\/www.uicbasilicata.it\/?p=2456#respond"]}]},{"@type":"WebPage","@id":"https:\/\/www.uicbasilicata.it\/?p=2456","url":"https:\/\/www.uicbasilicata.it\/?p=2456","name":"Protocollo CPRO e UICI | Uici Basilicata","isPartOf":{"@id":"https:\/\/www.uicbasilicata.it\/#website"},"primaryImageOfPage":{"@id":"https:\/\/www.uicbasilicata.it\/?p=2456#primaryimage"},"image":{"@id":"https:\/\/www.uicbasilicata.it\/?p=2456#primaryimage"},"thumbnailUrl":"https:\/\/www.uicbasilicata.it\/wp-content\/uploads\/2023\/04\/firma.jpg","datePublished":"2023-04-28T11:28:00+00:00","dateModified":"2023-05-12T21:03:27+00:00","breadcrumb":{"@id":"https:\/\/www.uicbasilicata.it\/?p=2456#breadcrumb"},"inLanguage":"it-IT","potentialAction":[{"@type":"ReadAction","target":["https:\/\/www.uicbasilicata.it\/?p=2456"]}]},{"@type":"ImageObject","inLanguage":"it-IT","@id":"https:\/\/www.uicbasilicata.it\/?p=2456#primaryimage","url":"https:\/\/www.uicbasilicata.it\/wp-content\/uploads\/2023\/04\/firma.jpg","contentUrl":"https:\/\/www.uicbasilicata.it\/wp-content\/uploads\/2023\/04\/firma.jpg","width":1024,"height":683},{"@type":"BreadcrumbList","@id":"https:\/\/www.uicbasilicata.it\/?p=2456#breadcrumb","itemListElement":[{"@type":"ListItem","position":1,"name":"Home","item":"https:\/\/www.uicbasilicata.it\/"},{"@type":"ListItem","position":2,"name":"Protocollo CPRO e UICI"}]},{"@type":"WebSite","@id":"https:\/\/www.uicbasilicata.it\/#website","url":"https:\/\/www.uicbasilicata.it\/","name":"Uici Basilicata","description":"Unione Italiana Ciechi ed Ipovedenti","publisher":{"@id":"https:\/\/www.uicbasilicata.it\/#organization"},"potentialAction":[{"@type":"SearchAction","target":{"@type":"EntryPoint","urlTemplate":"https:\/\/www.uicbasilicata.it\/?s={search_term_string}"},"query-input":{"@type":"PropertyValueSpecification","valueRequired":true,"valueName":"search_term_string"}}],"inLanguage":"it-IT"},{"@type":"Organization","@id":"https:\/\/www.uicbasilicata.it\/#organization","name":"UICI Basilicata","url":"https:\/\/www.uicbasilicata.it\/","logo":{"@type":"ImageObject","inLanguage":"it-IT","@id":"https:\/\/www.uicbasilicata.it\/#\/schema\/logo\/image\/","url":"http:\/\/www.uicbasilicata.it\/wp-content\/uploads\/2020\/12\/cropped-Logo-Definitivo.png","contentUrl":"http:\/\/www.uicbasilicata.it\/wp-content\/uploads\/2020\/12\/cropped-Logo-Definitivo.png","width":6300,"height":2972,"caption":"UICI Basilicata"},"image":{"@id":"https:\/\/www.uicbasilicata.it\/#\/schema\/logo\/image\/"},"sameAs":["https:\/\/www.instagram.com\/uicibasilicata\/?hl=it"]},{"@type":"Person","@id":"https:\/\/www.uicbasilicata.it\/#\/schema\/person\/b61f8ef2c4559759074b29ee2356fa2f","name":"Uici Basilicata","image":{"@type":"ImageObject","inLanguage":"it-IT","@id":"https:\/\/secure.gravatar.com\/avatar\/7117452ed271e5ea741dd167d52ee58fa4664d6761036557a023fb86a3c98f99?s=96&d=mm&r=g","url":"https:\/\/secure.gravatar.com\/avatar\/7117452ed271e5ea741dd167d52ee58fa4664d6761036557a023fb86a3c98f99?s=96&d=mm&r=g","contentUrl":"https:\/\/secure.gravatar.com\/avatar\/7117452ed271e5ea741dd167d52ee58fa4664d6761036557a023fb86a3c98f99?s=96&d=mm&r=g","caption":"Uici Basilicata"},"url":"https:\/\/www.uicbasilicata.it\/?author=3"}]}},"_links":{"self":[{"href":"https:\/\/www.uicbasilicata.it\/index.php?rest_route=\/wp\/v2\/posts\/2456","targetHints":{"allow":["GET"]}}],"collection":[{"href":"https:\/\/www.uicbasilicata.it\/index.php?rest_route=\/wp\/v2\/posts"}],"about":[{"href":"https:\/\/www.uicbasilicata.it\/index.php?rest_route=\/wp\/v2\/types\/post"}],"author":[{"embeddable":true,"href":"https:\/\/www.uicbasilicata.it\/index.php?rest_route=\/wp\/v2\/users\/3"}],"replies":[{"embeddable":true,"href":"https:\/\/www.uicbasilicata.it\/index.php?rest_route=%2Fwp%2Fv2%2Fcomments&post=2456"}],"version-history":[{"count":5,"href":"https:\/\/www.uicbasilicata.it\/index.php?rest_route=\/wp\/v2\/posts\/2456\/revisions"}],"predecessor-version":[{"id":2536,"href":"https:\/\/www.uicbasilicata.it\/index.php?rest_route=\/wp\/v2\/posts\/2456\/revisions\/2536"}],"wp:featuredmedia":[{"embeddable":true,"href":"https:\/\/www.uicbasilicata.it\/index.php?rest_route=\/wp\/v2\/media\/2461"}],"wp:attachment":[{"href":"https:\/\/www.uicbasilicata.it\/index.php?rest_route=%2Fwp%2Fv2%2Fmedia&parent=2456"}],"wp:term":[{"taxonomy":"category","embeddable":true,"href":"https:\/\/www.uicbasilicata.it\/index.php?rest_route=%2Fwp%2Fv2%2Fcategories&post=2456"},{"taxonomy":"post_tag","embeddable":true,"href":"https:\/\/www.uicbasilicata.it\/index.php?rest_route=%2Fwp%2Fv2%2Ftags&post=2456"}],"curies":[{"name":"wp","href":"https:\/\/api.w.org\/{rel}","templated":true}]}}